{"id":59408,"date":"2019-08-16T21:58:01","date_gmt":"2019-08-16T21:58:01","guid":{"rendered":"https:\/\/colimdo.org\/?p=59408"},"modified":"2019-08-16T21:58:01","modified_gmt":"2019-08-16T21:58:01","slug":"tatis-jr-se-perderia-resto-la-temporada-debido-lesion-la-espalda","status":"publish","type":"post","link":"https:\/\/colimdo.org\/noticias\/tatis-jr-se-perderia-resto-la-temporada-debido-lesion-la-espalda\/","title":{"rendered":"Tatis Jr. se perder\u00eda el resto de la temporada debido a lesi\u00f3n en la espalda"},"content":{"rendered":"<p>SAN DIEGO \u2013 Fernando Tatis Jr. fue colocado en la lista de lesionados el viernes por los Padres, debido a una dolencia en la espalda. Seg\u00fan el manager del equipo, Andy Green, lo m\u00e1s probable es que la \u201creacci\u00f3n por estr\u00e9s\u201d en la espalda del torpedero dominicano lo mantenga fuera de acci\u00f3n el resto de la presente temporada.<\/p>\n<p>Tatis Jr. abandon\u00f3 el partido de San Diego el martes debido a dicha molestia y no jug\u00f3 el mi\u00e9rcoles.<\/p>\n<p>En el 2019, Tatis Jr. batea .317\/.379\/.590 en 84 partidos de su temporada de novato, con 22 jonrones 53 empujadas.<\/p>\n<p>En otros movimientos, el infielder veterano Ian Kinsler (disco herniado) fue inhabilitado por los Padres. Para llenar el roster activo, San Diego subi\u00f3 desde Triple-A El Paso al jugador del cuadro Ty France y al jardinero Travis Jankowski.<\/p>\n","protected":false},"excerpt":{"rendered":"<p>Tatis Jr. abandon\u00f3 el partido de San Diego el martes debido a dicha molestia y no jug\u00f3 el mi\u00e9rcoles.<\/p>\n","protected":false},"author":16,"featured_media":59409,"comment_status":"closed","ping_status":"closed","sticky":false,"template":"","format":"standard","meta":[],"categories":[2,60],"tags":[],"acf":[],"_links":{"self":[{"href":"https:\/\/colimdo.org\/wp-api\/wp\/v2\/posts\/59408"}],"collection":[{"href":"https:\/\/colimdo.org\/wp-api\/wp\/v2\/posts"}],"about":[{"href":"https:\/\/colimdo.org\/wp-api\/wp\/v2\/types\/post"}],"author":[{"embeddable":true,"href":"https:\/\/colimdo.org\/wp-api\/wp\/v2\/users\/16"}],"replies":[{"embeddable":true,"href":"https:\/\/colimdo.org\/wp-api\/wp\/v2\/comments?post=59408"}],"version-history":[{"count":1,"href":"https:\/\/colimdo.org\/wp-api\/wp\/v2\/posts\/59408\/revisions"}],"predecessor-version":[{"id":59410,"href":"https:\/\/colimdo.org\/wp-api\/wp\/v2\/posts\/59408\/revisions\/59410"}],"wp:featuredmedia":[{"embeddable":true,"href":"https:\/\/colimdo.org\/wp-api\/wp\/v2\/media\/59409"}],"wp:attachment":[{"href":"https:\/\/colimdo.org\/wp-api\/wp\/v2\/media?parent=59408"}],"wp:term":[{"taxonomy":"category","embeddable":true,"href":"https:\/\/colimdo.org\/wp-api\/wp\/v2\/categories?post=59408"},{"taxonomy":"post_tag","embeddable":true,"href":"https:\/\/colimdo.org\/wp-api\/wp\/v2\/tags?post=59408"}],"curies":[{"name":"wp","href":"https:\/\/api.w.org\/{rel}","templated":true}]}}