{"id":59415,"date":"2019-08-16T22:36:56","date_gmt":"2019-08-16T22:36:56","guid":{"rendered":"https:\/\/colimdo.org\/?p=59415"},"modified":"2019-08-16T22:36:56","modified_gmt":"2019-08-16T22:36:56","slug":"wendy-santana-electa-inmortal-san-pedro-macoris","status":"publish","type":"post","link":"https:\/\/colimdo.org\/noticias\/wendy-santana-electa-inmortal-san-pedro-macoris\/","title":{"rendered":"Wendy Santana electa inmortal en San Pedro de Macor\u00eds"},"content":{"rendered":"<p>SAN PEDRO DE MACORIS. El Sal\u00f3n de la Fama de San Pedro de Macor\u00eds elevar\u00e1 a Wendy Santana a la categor\u00eda de inmortal, por ser una de las pesistas dominicanas m\u00e1s sobresalientes en su generaci\u00f3n.<\/p>\n<p>As\u00ed lo anunci\u00f3 hoy el Sal\u00f3n de la Fama de Deportistas Petromacorisanos, organismo que ponder\u00f3 la carrera de Santana durante m\u00e1s de una d\u00e9cada como miembro de la selecci\u00f3n nacional.<\/p>\n<p>Wendy es una de dos glorias de la halterofilia que ser\u00e1n instaladas como inmortal en el mismo ceremonial. Engalanar\u00e1 la Clase de Inmortales del pr\u00f3ximo 8 de octubre junto a Guillermina Candelario, su compa\u00f1era de \u00e9poca dentro de la selecci\u00f3n nacional y con quien llen\u00f3 una p\u00e1gina dorada para el deporte nacional.<\/p>\n<p>Junto con Candelario y Santana, quien reci\u00e9n cumpli\u00f3 los 36 a\u00f1os de edad el pasado d\u00eda 4 de este mes, ser\u00e1n inmortalizados el propulsor del deporte Agust\u00edn Santana y Adalberto D\u00edaz, en b\u00e9isbol.<\/p>\n<p>\u201cSer\u00e1 una de las mejores cosecha de inmortales en los 11 a\u00f1os del Ceremonial\u201d, asegur\u00f3 el ingeniero Juan Eric Yermenos, quien preside el Sal\u00f3n de la Fama de Deportistas Petromacorisanos.<\/p>\n<p>Sostuvo que son siete los exaltados en el XI Ceremonial previsto para efectuarse el segundo domingo de septiembre, a partir de las 11:00 de la ma\u00f1ana en el sal\u00f3n Francisco Comarazamy, de la Alcald\u00eda de esta ciuda.<\/p>\n<p>Santana inici\u00f3 su carrera en las pesas en 1987, y bajo las orientaciones de Nicol\u00e1s Reyes, compiti\u00f3 y gan\u00f3 la medalla de oro en un torneo provincial. Oriunda de la ciudad de la cuna de la halterofilia, Santana comenz\u00f3 a competir a en los torneos nacionales un a\u00f1o m\u00e1s tarde.<\/p>\n<p>Fue as\u00ed como se coron\u00f3 campeona nacional en 1988 al conquistar tres medallas de oro en los 48 kilogramos, divisi\u00f3n que hegemoniz\u00f3 precisamente con Candelario. Estas se unir\u00e1n a Miosotis Heredia, Wanda Rijo y Amaury Cordero como los pesistas inmortales del Sal\u00f3n de la Fama provincial.<\/p>\n<p>Santana gan\u00f3 tres platas en los Centroamericanos y del Caribe de Maracaibo 99 (Venezuela), plata en el Campeonato Panamericano de Winnipeg 99 (Canad\u00e1), dos bronce en los Centroamericanos de El Salvador 2002, plata y bronce en los Panamericanos de Santo Domingo 2003 y ocup\u00f3 el duod\u00e9cimo lugar en el Mundial de Atenas 99 (Grecia.<\/p>\n<p>Adem\u00e1s, tres plata en la Copa Sim\u00f3n Bol\u00edvar 2002 (Venezuela),<\/p>\n<p>Gan\u00f3 en dos ocasiones, en ambas con tres oros, los 48 kilogramos en la Copa Guatemala, de 1995 y 1997, gan\u00f3 tres de plata en el Festival de M\u00e9xico 98, as\u00ed como los t\u00edtulos como triple medallista de oro en los Juegos Natachi de Guatemala 96 y 2001, y en San Salvador 98, respectivamente.<\/p>\n<p>Fue subcampeona con tres preseas de plata en la Copa Panamericana del 2001 celebrada en Santo Domingo.<\/p>\n<p>Repiti\u00f3 tres preseas doradas en la Copa Santo Domingo de 1989, para luego ganar la divisi\u00f3n con triple metales dorados en los Juegos Provinciales de 1990.<\/p>\n<p>En los Juegos Deportivos Nacionales de La Vega 90 fue escogida como la mejor atleta del certamen, al ganar tres oros con r\u00e9cords nacionales incluidos.<\/p>\n<p>En el 92 gan\u00f3 la categor\u00eda en el Campeonato Nacional de Verano y repiti\u00f3 como campeona en los Juegos Nacionales de Mao 97.<\/p>\n","protected":false},"excerpt":{"rendered":"<p>Es la sexta deportista de levantamiento de pesas y ser\u00e1 exaltada el domingo 8 de septiembre.<\/p>\n","protected":false},"author":16,"featured_media":59416,"comment_status":"closed","ping_status":"closed","sticky":false,"template":"","format":"standard","meta":[],"categories":[2,60],"tags":[],"acf":[],"_links":{"self":[{"href":"https:\/\/colimdo.org\/wp-api\/wp\/v2\/posts\/59415"}],"collection":[{"href":"https:\/\/colimdo.org\/wp-api\/wp\/v2\/posts"}],"about":[{"href":"https:\/\/colimdo.org\/wp-api\/wp\/v2\/types\/post"}],"author":[{"embeddable":true,"href":"https:\/\/colimdo.org\/wp-api\/wp\/v2\/users\/16"}],"replies":[{"embeddable":true,"href":"https:\/\/colimdo.org\/wp-api\/wp\/v2\/comments?post=59415"}],"version-history":[{"count":1,"href":"https:\/\/colimdo.org\/wp-api\/wp\/v2\/posts\/59415\/revisions"}],"predecessor-version":[{"id":59417,"href":"https:\/\/colimdo.org\/wp-api\/wp\/v2\/posts\/59415\/revisions\/59417"}],"wp:featuredmedia":[{"embeddable":true,"href":"https:\/\/colimdo.org\/wp-api\/wp\/v2\/media\/59416"}],"wp:attachment":[{"href":"https:\/\/colimdo.org\/wp-api\/wp\/v2\/media?parent=59415"}],"wp:term":[{"taxonomy":"category","embeddable":true,"href":"https:\/\/colimdo.org\/wp-api\/wp\/v2\/categories?post=59415"},{"taxonomy":"post_tag","embeddable":true,"href":"https:\/\/colimdo.org\/wp-api\/wp\/v2\/tags?post=59415"}],"curies":[{"name":"wp","href":"https:\/\/api.w.org\/{rel}","templated":true}]}}