{"id":59441,"date":"2019-08-17T04:03:56","date_gmt":"2019-08-17T04:03:56","guid":{"rendered":"https:\/\/colimdo.org\/?p=59441"},"modified":"2019-08-17T04:04:12","modified_gmt":"2019-08-17T04:04:12","slug":"pueblo-se-une-recorrido-triunfal-atletas-panam-lima-2019","status":"publish","type":"post","link":"https:\/\/colimdo.org\/noticias\/pueblo-se-une-recorrido-triunfal-atletas-panam-lima-2019\/","title":{"rendered":"El pueblo se une a recorrido triunfal atletas Panam Lima 2019"},"content":{"rendered":"<p><strong>SANTO DOMINGO<\/strong>. La lluvia no fue obst\u00e1culo. Hubo 40 razones para que el pueblo saliera a las calles a dar un merecido reconocimiento a los deportistas que pusieron en alto a la Rep\u00fablica Dominicana en los reci\u00e9n finalizados XVIII Juegos Panamericanos celebrados en Lima, Per\u00fa.<\/p>\n<p>Desde tempranas horas de la tarde, el Centro Ol\u00edmpico recibi\u00f3 a cientos de ciudadanos que, tuvieron que esperar para que el mal tiempo pasara, y as\u00ed, minutos despu\u00e9s, comenz\u00f3 la celebraci\u00f3n.<\/p>\n<p>La caravana, con gran parte de la delegaci\u00f3n, incluidos los deportistas que ganaron medallas, recorri\u00f3 algunas avenidas y calles de los principales sectores de la ciudad.<\/p>\n<p>La denominada \u201ccaravana del triunfo deportivo\u201d, en honor a los atletas que elevaron la bandera de la Rep\u00fablica Dominicana en los reci\u00e9n culminados Juegos\u00a0 Panamericanos en Per\u00fa, result\u00f3 todo un acontecimiento.<\/p>\n<p>El acto que organiz\u00f3 el Ministerio de Deportes en coordinaci\u00f3n con el Comit\u00e9 Ol\u00edmpico Dominicano (COD) y las diferentes federaciones deportivas, cont\u00f3 con el apoyo de cientos de dominicanos que salieron a las calles a respaldar a los h\u00e9roes nacionales.<\/p>\n<p>Al llegar al Parque Eugenio Mar\u00eda de Hostos, en el Malec\u00f3n, lugar donde tambi\u00e9n hab\u00eda una gran cantidad de p\u00fablico, esperaba una gran presentaci\u00f3n art\u00edstica para la ocasi\u00f3n.<\/p>\n<p>Dirigentes ol\u00edmpicos, funcionarios deportivos, federados e invitados se confundieron en un gran acto de celebraci\u00f3n con los atletas.<\/p>\n<p>Las palabras de apertura estuvieron a cargo del ministro de Deportes, Danilo D\u00edaz Vizca\u00edno, quien valor\u00f3 el esfuerzo realizado por los atletas que alcanzaron 40 medallas repartidas en 10 de oro, 13 de plata y 17 de bronce.<\/p>\n<p>\u201cHa sido la mejor actuaci\u00f3n de nuestros h\u00e9roes deportivos. Estamos en el mejor ciclo ol\u00edmpico de toda la historia del deportiva del pa\u00eds\u201d, manifest\u00f3 el licenciado D\u00edaz, quien atribuy\u00f3 el \u00e9xito a la alianza entre el Ministerio de Deportes, el Comit\u00e9 Ol\u00edmpico Dominicano (COD) y el sector privado a trav\u00e9s del programa Creando Sue\u00f1os Ol\u00edmpicos (Creso).<\/p>\n<p>El funcionario tambi\u00e9n resalt\u00f3 el trabajo de los entrenadores y las federaciones deportivas nacionales.<\/p>\n<p>El recorrido cont\u00f3 adem\u00e1s con la presencia de Joan Guzm\u00e1n y Juan Ubaldo Cabrera, quien fueron los primeros boxeadores que conquistaron medallas de oro en Juegos Panamericanos y a los cuales se uni\u00f3 Rodrigo Marte de la Rosa, quien logr\u00f3 la presea dorada en la edici\u00f3n de Lima 2019.<\/p>\n<p>Mientras, el licenciado Luis Mej\u00eda Oviedo, presidente del COD, calific\u00f3 de \u201cextraordinaria\u201d la participaci\u00f3n de los atletas quisqueyanos en los Juegos Panamericanos en Per\u00fa.<\/p>\n<p>\u201cEsto ha sido grandioso, un gran triunfo y un gran logro de nuestros atletas, dirigentes federados, entrenadores y del Gobierno\u201d, manifest\u00f3 Mej\u00eda, quien comparti\u00f3 en grande con los atletas.<\/p>\n<p>La capitana de la selecci\u00f3n superior de voleibol, Prissila Rivera, agradeci\u00f3 el respaldo y apoyo del p\u00fablico, no solo durante el desarrollo de los Juegos en Lima, Per\u00fa, sino tambi\u00e9n el unirse a la celebraci\u00f3n de cada uno de los \u00e9xitos obtenidos en la cita multideportiva.<\/p>\n<p>Con 10 medallas de oro, 13 de plata y 17 de bronce, la Rep\u00fablica Dominicana obtuvo su mejor actuaci\u00f3n en Juegos Panamericanos celebrados en el extranjero.<\/p>\n<p>En Santo Domingo 2003, como sede, la Rep\u00fablica Dominicana conquist\u00f3 41 preseas, incluidas 10 de oro.<\/p>\n<p>Por su parte, la Cervecer\u00eda Nacional Dominicana entreg\u00f3 un presente personalizado a cada uno de los atletas presentes en el encuentro de celebraci\u00f3n.<\/p>\n<p>Luego de compartir con el p\u00fablico y con las autoridades en tarima, se llev\u00f3 a cabo la participaci\u00f3n art\u00edstica con el urbano Marc V.<\/p>\n<p>La caravana recorri\u00f3 el Ensanche La Fe, Cristo Rey, Villas Agr\u00edcolas, Capotillo, Ensanche Luper\u00f3n, Espaillat, 27 de Febrero, Los Guandules, Villa Francisca, San Carlos, San L\u00e1zaro, Ciudad Nueva, Gascue y la Zona Colonial, para llegar hasta el legendario Parque Eugenio Mar\u00eda de Hostos.<\/p>\n","protected":false},"excerpt":{"rendered":"<p>La caravana se llev\u00f3 a cabo este viernes y recorri\u00f3 varios sectores de la capital y concluy\u00f3 con un acto art\u00edstico en el Parque Eugenio Mar\u00eda de Hostos.<\/p>\n","protected":false},"author":13,"featured_media":59442,"comment_status":"closed","ping_status":"closed","sticky":false,"template":"","format":"standard","meta":[],"categories":[2,60],"tags":[],"acf":[],"_links":{"self":[{"href":"https:\/\/colimdo.org\/wp-api\/wp\/v2\/posts\/59441"}],"collection":[{"href":"https:\/\/colimdo.org\/wp-api\/wp\/v2\/posts"}],"about":[{"href":"https:\/\/colimdo.org\/wp-api\/wp\/v2\/types\/post"}],"author":[{"embeddable":true,"href":"https:\/\/colimdo.org\/wp-api\/wp\/v2\/users\/13"}],"replies":[{"embeddable":true,"href":"https:\/\/colimdo.org\/wp-api\/wp\/v2\/comments?post=59441"}],"version-history":[{"count":1,"href":"https:\/\/colimdo.org\/wp-api\/wp\/v2\/posts\/59441\/revisions"}],"predecessor-version":[{"id":59443,"href":"https:\/\/colimdo.org\/wp-api\/wp\/v2\/posts\/59441\/revisions\/59443"}],"wp:featuredmedia":[{"embeddable":true,"href":"https:\/\/colimdo.org\/wp-api\/wp\/v2\/media\/59442"}],"wp:attachment":[{"href":"https:\/\/colimdo.org\/wp-api\/wp\/v2\/media?parent=59441"}],"wp:term":[{"taxonomy":"category","embeddable":true,"href":"https:\/\/colimdo.org\/wp-api\/wp\/v2\/categories?post=59441"},{"taxonomy":"post_tag","embeddable":true,"href":"https:\/\/colimdo.org\/wp-api\/wp\/v2\/tags?post=59441"}],"curies":[{"name":"wp","href":"https:\/\/api.w.org\/{rel}","templated":true}]}}