{"id":59459,"date":"2019-08-18T20:41:48","date_gmt":"2019-08-18T20:41:48","guid":{"rendered":"https:\/\/colimdo.org\/?p=59459"},"modified":"2019-08-18T20:42:29","modified_gmt":"2019-08-18T20:42:29","slug":"fedoteme-anuncia-campeonato-del-caribe-pre-cadetes-tenis-mesa","status":"publish","type":"post","link":"https:\/\/colimdo.org\/noticias\/fedoteme-anuncia-campeonato-del-caribe-pre-cadetes-tenis-mesa\/","title":{"rendered":"Fedoteme anuncia campeonato del Caribe Pre-Cadetes tenis mesa"},"content":{"rendered":"<p><strong>SANTO DOMINGO<\/strong>. Con la participaci\u00f3n de algo m\u00e1s de 90 atletas, la Federaci\u00f3n Dominicana de Tenis de Mesa (Fedoteme) celebrar\u00e1 del 21 al 26 de este mes el Campeonato del Caribe Pre-Cadetes\u00a0 sub-11 y sub-13 en el Pabell\u00f3n de ese deporte del Parque del Este.<\/p>\n<p>En el campeonato se disputar\u00e1 la Copa Claro de Tenis de Mesa del Caribe.<\/p>\n<p>La informaci\u00f3n la dio a conocer el licenciado Juan Vila Reynoso, presidente de la Fedoteme, quien se\u00f1al\u00f3 adem\u00e1s que en el certamen tomar\u00e1n parte los mejores exponentes y futuras estrellas del tenis de mesa del Caribe.<\/p>\n<p>\u201cEste es el evento anual de desarrollo de la Confederaci\u00f3n del Caribe de Tenis de Mesa. Este torneo es una forma de tomar en cuenta a los talentos que comienzan a exhibir sus cualidades en este deporte\u201d, indic\u00f3 Vila.<\/p>\n<p>El campe\u00f3n tanto en masculino como en femenino de la categor\u00eda sub-11 clasifica directamente al Hop Continental que tendr\u00e1 lugar en Salinas, Puerto Rico, del 8 al 13 de octubre pr\u00f3ximo.<\/p>\n<p>El Campeonato del Caribe Pre-Cadetes\u00a0 sub-11 y sub-13 de Tenis de Mesa arranca el mi\u00e9rcoles con las competencias por equipos desde las 9:00 de la ma\u00f1ana, mientras que la ceremonia de apertura est\u00e1 pautada para llevarse a cabo el jueves a las 4:00 de la tarde.<\/p>\n<p>El certamen, que cuenta con el apoyo del Ministerio de Deportes, Comit\u00e9 Ol\u00edmpico Dominicano (COD), Claro, Peps, Direcci\u00f3n General de Impuestos Internos (DGII) y Creso, tendr\u00e1 la participaci\u00f3n de atletas de siete pa\u00edses.<\/p>\n<p>El evento arranca con las competencias por equipos los d\u00edas mi\u00e9rcoles y jueves, mientras que viernes y domingos estar\u00e1n en acci\u00f3n en la modalidad de dobles, en tanto que el domingo y el lunes ser\u00e1n en sencillos masculinos y femeninos.<\/p>\n<p>En el Campeonato del Caribe Pre-Cadetes\u00a0 sub-11 y sub-13 de Tenis de Mesa tomar\u00e1n parte atletas de Guyana, Barbados, Jamaica, Trinidad &amp; Tobago, Aruba, Puerto Rico y Rep\u00fablica Dominicana.<\/p>\n","protected":false},"excerpt":{"rendered":"<p>El certamen se celebrar\u00e1 del 21 al 26 de este mes en opci\u00f3n a la Copa Claro en el Pabell\u00f3n de Tenis de Mesa del Parque del Este.<\/p>\n","protected":false},"author":13,"featured_media":59460,"comment_status":"closed","ping_status":"closed","sticky":false,"template":"","format":"standard","meta":[],"categories":[2,60],"tags":[],"acf":[],"_links":{"self":[{"href":"https:\/\/colimdo.org\/wp-api\/wp\/v2\/posts\/59459"}],"collection":[{"href":"https:\/\/colimdo.org\/wp-api\/wp\/v2\/posts"}],"about":[{"href":"https:\/\/colimdo.org\/wp-api\/wp\/v2\/types\/post"}],"author":[{"embeddable":true,"href":"https:\/\/colimdo.org\/wp-api\/wp\/v2\/users\/13"}],"replies":[{"embeddable":true,"href":"https:\/\/colimdo.org\/wp-api\/wp\/v2\/comments?post=59459"}],"version-history":[{"count":1,"href":"https:\/\/colimdo.org\/wp-api\/wp\/v2\/posts\/59459\/revisions"}],"predecessor-version":[{"id":59461,"href":"https:\/\/colimdo.org\/wp-api\/wp\/v2\/posts\/59459\/revisions\/59461"}],"wp:featuredmedia":[{"embeddable":true,"href":"https:\/\/colimdo.org\/wp-api\/wp\/v2\/media\/59460"}],"wp:attachment":[{"href":"https:\/\/colimdo.org\/wp-api\/wp\/v2\/media?parent=59459"}],"wp:term":[{"taxonomy":"category","embeddable":true,"href":"https:\/\/colimdo.org\/wp-api\/wp\/v2\/categories?post=59459"},{"taxonomy":"post_tag","embeddable":true,"href":"https:\/\/colimdo.org\/wp-api\/wp\/v2\/tags?post=59459"}],"curies":[{"name":"wp","href":"https:\/\/api.w.org\/{rel}","templated":true}]}}