{"id":59462,"date":"2019-08-18T20:58:37","date_gmt":"2019-08-18T20:58:37","guid":{"rendered":"https:\/\/colimdo.org\/?p=59462"},"modified":"2019-08-18T20:59:01","modified_gmt":"2019-08-18T20:59:01","slug":"thomas-pieters-se-proclamo-campeon-del-dd-masters-checo","status":"publish","type":"post","link":"https:\/\/colimdo.org\/noticias\/thomas-pieters-se-proclamo-campeon-del-dd-masters-checo\/","title":{"rendered":"Thomas Pieters se proclam\u00f3 campe\u00f3n del D+D Masters checo"},"content":{"rendered":"<p><strong>EFE.<\/strong> El belga Thomas Pieters se proclam\u00f3 ganador del D+D Masters checo, disputado en el Albatross\u00a0Golf\u00a0Resort de Praga, por delante del espa\u00f1ol Adri Arnaus.<\/p>\n<p>El jugador de Geel, que ya hab\u00eda ganado este torneo en 2015, acab\u00f3 con tres a\u00f1os de sequ\u00eda (su \u00faltimo triunfo se remonta a 2016 en Dinamarca), lleg\u00f3 a la \u00faltima jornada en cabeza y no abandon\u00f3 su condici\u00f3n de l\u00edder.<\/p>\n<p>Un \u2018birdie\u2019 en el hoyo 1 y otros en el 6, 7 y 9, pese a un \u2018bogey\u2019 en el 8, le permitieron afianzar el liderato, que sell\u00f3 con otro acierto en el 12.<\/p>\n<p>Ni siquiera un error en el 16 pusieron en real peligro su victoria, al final con 269 golpes, uno menos que Arnaus, que tuvo un d\u00eda de altos y bajos, con tres \u2018bogeys\u2019, cuatro \u2018birdies\u2019 y un \u2018eagle\u2019 (en el 12).<\/p>\n<p>Su reacci\u00f3n en la segunda mitad del recorrido le permiti\u00f3 mantenerse en la parte alta de la clasificaci\u00f3n, pero al final se qued\u00f3 en la orilla, a un impacto del belga.<\/p>\n<p>La tercera plaza, a tres golpes, la compartieron el mejor de la \u00faltima ronda, el italiano Andrea Pavan (65), y el ingl\u00e9s Sam Horsfield, mientras que a continuaci\u00f3n, con -14, acab\u00f3 un quinteto con el chileno Hugo Le\u00f3n, que complet\u00f3 su peor vuelta del fin de semana (par, 72).<\/p>\n","protected":false},"excerpt":{"rendered":"<p>El golfista checo puso fin a su mala racha al acabar con tres a\u00f1os de sequ\u00eda al llegar a la \u00faltima jornada en cabeza y no abandon\u00f3 su condici\u00f3n de l\u00edder.<\/p>\n","protected":false},"author":13,"featured_media":59463,"comment_status":"closed","ping_status":"closed","sticky":false,"template":"","format":"standard","meta":[],"categories":[2,60],"tags":[],"acf":[],"_links":{"self":[{"href":"https:\/\/colimdo.org\/wp-api\/wp\/v2\/posts\/59462"}],"collection":[{"href":"https:\/\/colimdo.org\/wp-api\/wp\/v2\/posts"}],"about":[{"href":"https:\/\/colimdo.org\/wp-api\/wp\/v2\/types\/post"}],"author":[{"embeddable":true,"href":"https:\/\/colimdo.org\/wp-api\/wp\/v2\/users\/13"}],"replies":[{"embeddable":true,"href":"https:\/\/colimdo.org\/wp-api\/wp\/v2\/comments?post=59462"}],"version-history":[{"count":1,"href":"https:\/\/colimdo.org\/wp-api\/wp\/v2\/posts\/59462\/revisions"}],"predecessor-version":[{"id":59464,"href":"https:\/\/colimdo.org\/wp-api\/wp\/v2\/posts\/59462\/revisions\/59464"}],"wp:featuredmedia":[{"embeddable":true,"href":"https:\/\/colimdo.org\/wp-api\/wp\/v2\/media\/59463"}],"wp:attachment":[{"href":"https:\/\/colimdo.org\/wp-api\/wp\/v2\/media?parent=59462"}],"wp:term":[{"taxonomy":"category","embeddable":true,"href":"https:\/\/colimdo.org\/wp-api\/wp\/v2\/categories?post=59462"},{"taxonomy":"post_tag","embeddable":true,"href":"https:\/\/colimdo.org\/wp-api\/wp\/v2\/tags?post=59462"}],"curies":[{"name":"wp","href":"https:\/\/api.w.org\/{rel}","templated":true}]}}