{"id":59465,"date":"2019-08-18T21:33:52","date_gmt":"2019-08-18T21:33:52","guid":{"rendered":"https:\/\/colimdo.org\/?p=59465"},"modified":"2019-08-18T21:34:13","modified_gmt":"2019-08-18T21:34:13","slug":"jose-perez-dirigira-los-leones-santo-domingo-la-lnb","status":"publish","type":"post","link":"https:\/\/colimdo.org\/noticias\/jose-perez-dirigira-los-leones-santo-domingo-la-lnb\/","title":{"rendered":"Jos\u00e9 P\u00e9rez dirigir\u00e1 a los Leones de Santo Domingo en la LNB"},"content":{"rendered":"<p><strong>SANTO DOMINGO<\/strong>.-\u00a0Los Leones de Santo Domingo anunciaron que Jos\u00e9 P\u00e9rez ser\u00e1 su dirigente para la temporada 2019 de la Liga Nacional de Baloncesto (LNB), la cual comenzar\u00e1 el pr\u00f3ximo cuatro de septiembre.<\/p>\n<p>P\u00e9rez viene de ganar el premio de Dirigente del A\u00f1o en el reci\u00e9n Torneo de Baloncesto Superior del Distrito Nacional, donde llev\u00f3 a Huellas del Siglo hasta la semifinal.<\/p>\n<p>Su trayectoria como capataz incluye a las Panteras del Distrito Nacional en la LIDOBA, donde tambi\u00e9n result\u00f3 electo como mejor dirigente en 2006, adem\u00e1s de los Titanes del Distrito Nacional en la LNB. En el superior distrital llev\u00f3 al Rafael Barias a la corona en la edici\u00f3n del 2017.<\/p>\n<p>Como asistentes de P\u00e9rez estar\u00e1n Julio Duquela y Yoel F\u00e9lix, quienes tambi\u00e9n dirigieron en el pasado torneo distrital con San L\u00e1zaro y San Carlos, respectivamente.<\/p>\n<p>Duquela tambi\u00e9n tiene experiencia dirigencial en la LNB con los Titanes, mientras que F\u00e9lix lleva varios a\u00f1os desempe\u00f1\u00e1ndose como asistente de los Leones.<\/p>\n<p>El anuncio del cuerpo t\u00e9cnico escarlata fue realizado por el gerente de Operaciones, Rafael Faneyte, quien destac\u00f3 la capacidad del grupo.<\/p>\n<p>\u201cEstamos altamente complacidos en lo personal y como organizaci\u00f3n por la contrataci\u00f3n de P\u00e9rez, Duquela y F\u00e9lix. Son entrenadores que vienen de dirigir en la capital y que conocen el material que estamos poniendo en sus manos. Solo nos resta empezar a trabajar unidos, en ruta a una gran temporada\u201d, indic\u00f3 Faneyte.<\/p>\n<p><strong>Pr\u00e1cticas comienzan este mi\u00e9rcoles<\/strong><\/p>\n<p>Faneyte tambi\u00e9n inform\u00f3 que los entrenamientos de los melenudos iniciar\u00e1n este mi\u00e9rcoles 21 de agosto en el Palacio de los Deportes Virgilio Travieso Soto.<\/p>\n","protected":false},"excerpt":{"rendered":"<p>Las pr\u00e1cticas oficiales del equipo rojo comenzar\u00e1n este mi\u00e9rcoles en el Palacio de los Deportes. El torneo arranca el pr\u00f3ximo 4 de septiembre.<\/p>\n","protected":false},"author":13,"featured_media":59466,"comment_status":"closed","ping_status":"closed","sticky":false,"template":"","format":"standard","meta":[],"categories":[2,60],"tags":[],"acf":[],"_links":{"self":[{"href":"https:\/\/colimdo.org\/wp-api\/wp\/v2\/posts\/59465"}],"collection":[{"href":"https:\/\/colimdo.org\/wp-api\/wp\/v2\/posts"}],"about":[{"href":"https:\/\/colimdo.org\/wp-api\/wp\/v2\/types\/post"}],"author":[{"embeddable":true,"href":"https:\/\/colimdo.org\/wp-api\/wp\/v2\/users\/13"}],"replies":[{"embeddable":true,"href":"https:\/\/colimdo.org\/wp-api\/wp\/v2\/comments?post=59465"}],"version-history":[{"count":1,"href":"https:\/\/colimdo.org\/wp-api\/wp\/v2\/posts\/59465\/revisions"}],"predecessor-version":[{"id":59467,"href":"https:\/\/colimdo.org\/wp-api\/wp\/v2\/posts\/59465\/revisions\/59467"}],"wp:featuredmedia":[{"embeddable":true,"href":"https:\/\/colimdo.org\/wp-api\/wp\/v2\/media\/59466"}],"wp:attachment":[{"href":"https:\/\/colimdo.org\/wp-api\/wp\/v2\/media?parent=59465"}],"wp:term":[{"taxonomy":"category","embeddable":true,"href":"https:\/\/colimdo.org\/wp-api\/wp\/v2\/categories?post=59465"},{"taxonomy":"post_tag","embeddable":true,"href":"https:\/\/colimdo.org\/wp-api\/wp\/v2\/tags?post=59465"}],"curies":[{"name":"wp","href":"https:\/\/api.w.org\/{rel}","templated":true}]}}