{"id":59471,"date":"2019-08-19T00:02:43","date_gmt":"2019-08-19T00:02:43","guid":{"rendered":"https:\/\/colimdo.org\/?p=59471"},"modified":"2019-08-19T00:02:58","modified_gmt":"2019-08-19T00:02:58","slug":"abanderan-delegacion-ira-los-parapanamericanos-lima","status":"publish","type":"post","link":"https:\/\/colimdo.org\/noticias\/abanderan-delegacion-ira-los-parapanamericanos-lima\/","title":{"rendered":"Abanderan delegaci\u00f3n ir\u00e1 a los Parapanamericanos de Lima"},"content":{"rendered":"<p>El ministro de Deportes y Recreaci\u00f3n Danilo D\u00edaz abander\u00f3, en nombre del Gobierno dominicano, a la delegaci\u00f3n de atletas especiales que representar\u00e1 a la naci\u00f3n en los VI Juegos ParaPanamericanos a disputarse del 23 de este mes al 01 de septiembre en Lima, Per\u00fa, en parte de los escenarios donde el pa\u00eds acaba de tener su mejor actuaci\u00f3n en unos Juegos Panamericanos.<\/p>\n<p>D\u00edaz hizo entrega de la bandera a la comitiva que partir\u00e1 este lunes 19 a Lima, en compa\u00f1\u00eda del presidente del Comit\u00e9 Ol\u00edmpico Dominicano, Luis Mej\u00eda; el viceministro de Deportes para Todos, Soterio Ram\u00edrez; el jefe de misi\u00f3n en los reci\u00e9n pasados Panamericanos, Garibaldy Bautista; y el empresario Edi Medina, quien presidi\u00f3 el Comit\u00e9 Organizador de los XIV Juegos Nacionales Hermanas Mirabal 2018.<\/p>\n<p>La entrega se produjo el pasado viernes 16, en el sal\u00f3n James Rodr\u00edguez del Miderec, a la comitiva encabezada por Eladio Agramonte, presidente del Comit\u00e9 Paral\u00edmpico Dominicano, quien dio cuenta de que la delegaci\u00f3n la conformar\u00e1n 18 atletas de las disciplinas atletismo, nataci\u00f3n, levantamiento de pesas, tenis de mesa, taekwon-do y ciclismo. La comitiva la integrar\u00e1n 36 personas, entre atletas, oficiales, t\u00e9cnicos y delegados.<\/p>\n<p>En estos Parapanamericanos participar\u00e1n 33 pa\u00edses del continente en 33 deportes y servir\u00e1n como clasificatorios para los XVI Juegos Paral\u00edmpicos de Tokio 2020, que se disputar\u00e1n despu\u00e9s de los Juegos Ol\u00edmpicos de Verano, que acoger\u00e1 la capital del Jap\u00f3n.<\/p>\n<p>D\u00edaz resalt\u00f3 la val\u00eda de cada uno de los integrantes, puesto que ya pasan a ser la representaci\u00f3n del pa\u00eds, con un derecho que ellos se ganaron, porque debieron obtener las marcas para asistir al evento de Lima.<\/p>\n<p>Agramonte resalt\u00f3 el gran apoyo que recibieron de D\u00edaz, quien desde un principio dijo al Comit\u00e9 Paral\u00edmpico que tendr\u00eda su respaldo y as\u00ed ha sido; por igual de Mej\u00eda, de quien dijo le abri\u00f3 la puerta para la conformaci\u00f3n de ese organismo. Acot\u00f3 que tuvieron algunos inconvenientes para los preparativos del viaje, pero desde que lo presentaron a los dos ejecutivos del deporte, de inmediato lograron que apareciera la indumentaria y dem\u00e1s.<\/p>\n","protected":false},"excerpt":{"rendered":"<p>Los VI Juegos ParaPanamericanos se disputa\u00e1n del 23 de este mes al 01 de septiembre en Lima, Per\u00fa como parte de los XVIII Juegos Panamericanos.<\/p>\n","protected":false},"author":13,"featured_media":59472,"comment_status":"closed","ping_status":"closed","sticky":false,"template":"","format":"standard","meta":[],"categories":[2,60],"tags":[],"acf":[],"_links":{"self":[{"href":"https:\/\/colimdo.org\/wp-api\/wp\/v2\/posts\/59471"}],"collection":[{"href":"https:\/\/colimdo.org\/wp-api\/wp\/v2\/posts"}],"about":[{"href":"https:\/\/colimdo.org\/wp-api\/wp\/v2\/types\/post"}],"author":[{"embeddable":true,"href":"https:\/\/colimdo.org\/wp-api\/wp\/v2\/users\/13"}],"replies":[{"embeddable":true,"href":"https:\/\/colimdo.org\/wp-api\/wp\/v2\/comments?post=59471"}],"version-history":[{"count":1,"href":"https:\/\/colimdo.org\/wp-api\/wp\/v2\/posts\/59471\/revisions"}],"predecessor-version":[{"id":59473,"href":"https:\/\/colimdo.org\/wp-api\/wp\/v2\/posts\/59471\/revisions\/59473"}],"wp:featuredmedia":[{"embeddable":true,"href":"https:\/\/colimdo.org\/wp-api\/wp\/v2\/media\/59472"}],"wp:attachment":[{"href":"https:\/\/colimdo.org\/wp-api\/wp\/v2\/media?parent=59471"}],"wp:term":[{"taxonomy":"category","embeddable":true,"href":"https:\/\/colimdo.org\/wp-api\/wp\/v2\/categories?post=59471"},{"taxonomy":"post_tag","embeddable":true,"href":"https:\/\/colimdo.org\/wp-api\/wp\/v2\/tags?post=59471"}],"curies":[{"name":"wp","href":"https:\/\/api.w.org\/{rel}","templated":true}]}}