{"id":59492,"date":"2019-08-19T18:35:17","date_gmt":"2019-08-19T18:35:17","guid":{"rendered":"https:\/\/colimdo.org\/?p=59492"},"modified":"2019-08-19T18:35:17","modified_gmt":"2019-08-19T18:35:17","slug":"marcus-smart-recibe-alta-volvera-jugar-la-seleccion","status":"publish","type":"post","link":"https:\/\/colimdo.org\/noticias\/marcus-smart-recibe-alta-volvera-jugar-la-seleccion\/","title":{"rendered":"Marcus Smart recibe el alta y volver\u00e1 a jugar con la selecci\u00f3n"},"content":{"rendered":"<p>NBAMANIACS.- Marcus Smart ha sido declarado como apto para jugar seg\u00fan los servicios m\u00e9dicos de la selecci\u00f3n estadounidense, seg\u00fan ha informado Marc Stein, periodista de The New York Times. El base est\u00e1 ya completamente recuperado del problema en la pantorrilla que sufri\u00f3 hace unos d\u00edas, lo cual supone un alivio para el conjunto americano, que de un tiempo a esta parte no ve\u00eda sino c\u00f3mo sus problemas crec\u00edan.<\/p>\n<p>De hecho, pocas horas despu\u00e9s del duelo amistoso ante Espa\u00f1a, De\u2019Aaron Fox renunci\u00f3 a continuar formando parte de la lista para el Mundial, lo que dejaba el puesto de base mermado en caso de que Smart siguiese sin poder participar. No obstante, el de los Celtics comenz\u00f3 a trabajar junto a sus compa\u00f1eros el jueves, y, seg\u00fan Tim Reynolds, de The Associated Press, est\u00e1 previsto que dispute minutos en los partidos amistosos que Estados Unidos realizar\u00e1 en su paso por Australia.<\/p>\n<p>Smart finaliz\u00f3 la temporada 18\/19 promediando 8,9 puntos y 4 asistencias por partido, aunque su principal aportaci\u00f3n sobre la pista es siempre su agresividad en cada disputa y su gran labor de defensa exterior. En el Mundial, tratar\u00e1 de hacer brillar estas cualidades para ahogar los ataques rivales y hacer de los suyos un equipo s\u00f3lido atr\u00e1s.<\/p>\n","protected":false},"excerpt":{"rendered":"<p>Marcus Smart ha sido declarado como apto para jugar seg\u00fan los servicios m\u00e9dicos de la selecci\u00f3n estadounidense, seg\u00fan ha informado Marc Stein, periodista de The New York Times.<\/p>\n","protected":false},"author":19,"featured_media":59493,"comment_status":"closed","ping_status":"closed","sticky":false,"template":"","format":"standard","meta":[],"categories":[2,60],"tags":[],"acf":[],"_links":{"self":[{"href":"https:\/\/colimdo.org\/wp-api\/wp\/v2\/posts\/59492"}],"collection":[{"href":"https:\/\/colimdo.org\/wp-api\/wp\/v2\/posts"}],"about":[{"href":"https:\/\/colimdo.org\/wp-api\/wp\/v2\/types\/post"}],"author":[{"embeddable":true,"href":"https:\/\/colimdo.org\/wp-api\/wp\/v2\/users\/19"}],"replies":[{"embeddable":true,"href":"https:\/\/colimdo.org\/wp-api\/wp\/v2\/comments?post=59492"}],"version-history":[{"count":1,"href":"https:\/\/colimdo.org\/wp-api\/wp\/v2\/posts\/59492\/revisions"}],"predecessor-version":[{"id":59494,"href":"https:\/\/colimdo.org\/wp-api\/wp\/v2\/posts\/59492\/revisions\/59494"}],"wp:featuredmedia":[{"embeddable":true,"href":"https:\/\/colimdo.org\/wp-api\/wp\/v2\/media\/59493"}],"wp:attachment":[{"href":"https:\/\/colimdo.org\/wp-api\/wp\/v2\/media?parent=59492"}],"wp:term":[{"taxonomy":"category","embeddable":true,"href":"https:\/\/colimdo.org\/wp-api\/wp\/v2\/categories?post=59492"},{"taxonomy":"post_tag","embeddable":true,"href":"https:\/\/colimdo.org\/wp-api\/wp\/v2\/tags?post=59492"}],"curies":[{"name":"wp","href":"https:\/\/api.w.org\/{rel}","templated":true}]}}