{"id":59517,"date":"2019-08-20T04:22:12","date_gmt":"2019-08-20T04:22:12","guid":{"rendered":"https:\/\/colimdo.org\/?p=59517"},"modified":"2019-08-20T04:23:02","modified_gmt":"2019-08-20T04:23:02","slug":"fallece-franchy-prats-ex-baloncestista-e-inmortal-del-deporte","status":"publish","type":"post","link":"https:\/\/colimdo.org\/noticias\/fallece-franchy-prats-ex-baloncestista-e-inmortal-del-deporte\/","title":{"rendered":"Fallece Franchy Prats, ex baloncestista e inmortal del deporte"},"content":{"rendered":"<p><strong>SANTO DOMINGO<\/strong>.- Luego de una lucha tit\u00e1nica contra el c\u00e1ncer, falleci\u00f3 este lunes a las 9:00 de la noche el inmortal del deporte dominicano Francisco Prats (Franchy).<\/p>\n<p>El ex baloncestista, que jug\u00f3 con los equipos de San Carlos, Astros y Naco en los torneos del Distrito Nacional, se encontraba desde hace d\u00edas interno en la Plaza de la Salud tras complicaciones de su enfermedad.<\/p>\n<p>Siempre optimista, Franchy se aferr\u00f3 a la vida, pero finalmente perdi\u00f3 la batalla luego de varios a\u00f1os de tratamiento.<\/p>\n<p>Prats, exestrella del baloncesto dominicano falleci\u00f3 a los 64 a\u00f1os, tras empeorarse su salud en los \u00faltimos d\u00edas. Estaba recluido en la Plaza de la Salud.<\/p>\n<p>Sus restos ser\u00e1n velados a partir de este martes en la Funeraria Blandino de la avenida Abraham Lincoln. A\u00fan no se ha establecido la hora en que sus restos ser\u00e1n expuestos.<\/p>\n<p>Prats contaba con 64 y\u00a0 hab\u00eda permanecido hospitalizado desde los d\u00edas antes de la celebraci\u00f3n del D\u00eda del Padre, fecha en que recib\u00eda los procesos de quimioterapia.<\/p>\n<p>El lunes temprano, sus familiares le llevaron a su nieto Marcos a la sala en que estaba recluido, lo abrazo, le dio un beso y a las pocas horas cay\u00f3 en estado ag\u00f3nico.<\/p>\n<p>Prats fue un antiguo miembro de la selecci\u00f3n nacional de baloncesto masculino, de la cual form\u00f3 parte desde 1973 y hasta 1987, fue una de las figuras principales del primer equipo superior dominicano que gan\u00f3 una medalla de oro en un torneo internacional, Centrobasket 77, en Panam\u00e1.<\/p>\n<p>Prats tambi\u00e9n fue comentarista de los partidos de la NBA y trabaj\u00f3 como gerente general en varios conjuntos del baloncesto local.<\/p>\n<p>En el \u00e1mbito comunicativo fue productor y presentador del programa Centro Deportes, adem\u00e1s de tener una secci\u00f3n de baloncesto en el programa Impacto Deportivo en radio.<\/p>\n","protected":false},"excerpt":{"rendered":"<p>El tambi\u00e9n ex dirigente y comunicador muri\u00f3 este lunes en la Plaza de la Salud, donde se encontraba interno tras complicaciones de c\u00e1ncer.<\/p>\n","protected":false},"author":13,"featured_media":59518,"comment_status":"closed","ping_status":"closed","sticky":false,"template":"","format":"standard","meta":[],"categories":[2,60],"tags":[],"acf":[],"_links":{"self":[{"href":"https:\/\/colimdo.org\/wp-api\/wp\/v2\/posts\/59517"}],"collection":[{"href":"https:\/\/colimdo.org\/wp-api\/wp\/v2\/posts"}],"about":[{"href":"https:\/\/colimdo.org\/wp-api\/wp\/v2\/types\/post"}],"author":[{"embeddable":true,"href":"https:\/\/colimdo.org\/wp-api\/wp\/v2\/users\/13"}],"replies":[{"embeddable":true,"href":"https:\/\/colimdo.org\/wp-api\/wp\/v2\/comments?post=59517"}],"version-history":[{"count":3,"href":"https:\/\/colimdo.org\/wp-api\/wp\/v2\/posts\/59517\/revisions"}],"predecessor-version":[{"id":59521,"href":"https:\/\/colimdo.org\/wp-api\/wp\/v2\/posts\/59517\/revisions\/59521"}],"wp:featuredmedia":[{"embeddable":true,"href":"https:\/\/colimdo.org\/wp-api\/wp\/v2\/media\/59518"}],"wp:attachment":[{"href":"https:\/\/colimdo.org\/wp-api\/wp\/v2\/media?parent=59517"}],"wp:term":[{"taxonomy":"category","embeddable":true,"href":"https:\/\/colimdo.org\/wp-api\/wp\/v2\/categories?post=59517"},{"taxonomy":"post_tag","embeddable":true,"href":"https:\/\/colimdo.org\/wp-api\/wp\/v2\/tags?post=59517"}],"curies":[{"name":"wp","href":"https:\/\/api.w.org\/{rel}","templated":true}]}}