{"id":59522,"date":"2019-08-20T02:43:33","date_gmt":"2019-08-20T02:43:33","guid":{"rendered":"https:\/\/colimdo.org\/?p=59522"},"modified":"2019-08-20T02:43:33","modified_gmt":"2019-08-20T02:43:33","slug":"rafael-devers-fue-jugador-la-semana-la-liga-americana","status":"publish","type":"post","link":"https:\/\/colimdo.org\/noticias\/rafael-devers-fue-jugador-la-semana-la-liga-americana\/","title":{"rendered":"Rafael Devers fue el Jugador de la Semana en la Liga Americana"},"content":{"rendered":"<p>El dominicano Rafael Devers, tercera base de los Medias Rojas de Boston, fue reconocido el lunes como Jugador de la Semana de la Liga Americana, premio presentado por W.B. Mason, anunci\u00f3 Major League Baseball.<\/p>\n<p>Es la primera vez en la carrera de Devers en la que se lleva dicha distinci\u00f3n.<\/p>\n<p>Devers se llev\u00f3 los honores despu\u00e9s de batear .593\/.633\/1.185 con tres jonrones, siete dobles y 11 carreras empujadas en seis juegos la semana pasada.<\/p>\n<p>Ante los Indios el martes, se convirti\u00f3 en el primer jugador en la historia de las Grandes Ligas en dar seis o m\u00e1s hits, con cuatro o m\u00e1s dobletes en un juego.<\/p>\n<p>Devers, de 22 a\u00f1os, es el primer jugador de los Medias Rojas que se lleva el Jugador de la Semana desde que J.D. Mart\u00ednez lo hiciera el a\u00f1o pasado. Es tercero en bateo en la L.A. con .332 esta temporada, detr\u00e1s de DJ LeMahieu (.339) de los Yankees y Michael Brantley (.335) de los Astros.<\/p>\n","protected":false},"excerpt":{"rendered":"<p>Es la primera vez en la carrera de Devers en la que se lleva dicha distinci\u00f3n.<\/p>\n","protected":false},"author":16,"featured_media":59523,"comment_status":"closed","ping_status":"closed","sticky":false,"template":"","format":"standard","meta":[],"categories":[2,60],"tags":[],"acf":[],"_links":{"self":[{"href":"https:\/\/colimdo.org\/wp-api\/wp\/v2\/posts\/59522"}],"collection":[{"href":"https:\/\/colimdo.org\/wp-api\/wp\/v2\/posts"}],"about":[{"href":"https:\/\/colimdo.org\/wp-api\/wp\/v2\/types\/post"}],"author":[{"embeddable":true,"href":"https:\/\/colimdo.org\/wp-api\/wp\/v2\/users\/16"}],"replies":[{"embeddable":true,"href":"https:\/\/colimdo.org\/wp-api\/wp\/v2\/comments?post=59522"}],"version-history":[{"count":1,"href":"https:\/\/colimdo.org\/wp-api\/wp\/v2\/posts\/59522\/revisions"}],"predecessor-version":[{"id":59524,"href":"https:\/\/colimdo.org\/wp-api\/wp\/v2\/posts\/59522\/revisions\/59524"}],"wp:featuredmedia":[{"embeddable":true,"href":"https:\/\/colimdo.org\/wp-api\/wp\/v2\/media\/59523"}],"wp:attachment":[{"href":"https:\/\/colimdo.org\/wp-api\/wp\/v2\/media?parent=59522"}],"wp:term":[{"taxonomy":"category","embeddable":true,"href":"https:\/\/colimdo.org\/wp-api\/wp\/v2\/categories?post=59522"},{"taxonomy":"post_tag","embeddable":true,"href":"https:\/\/colimdo.org\/wp-api\/wp\/v2\/tags?post=59522"}],"curies":[{"name":"wp","href":"https:\/\/api.w.org\/{rel}","templated":true}]}}