{"id":59528,"date":"2019-08-20T03:07:34","date_gmt":"2019-08-20T03:07:34","guid":{"rendered":"https:\/\/colimdo.org\/?p=59528"},"modified":"2019-08-20T03:07:55","modified_gmt":"2019-08-20T03:07:55","slug":"salon-la-fama-la-romana-anuncia-segundo-grupo-exaltado","status":"publish","type":"post","link":"https:\/\/colimdo.org\/noticias\/salon-la-fama-la-romana-anuncia-segundo-grupo-exaltado\/","title":{"rendered":"Sal\u00f3n de la Fama de La Romana anuncia segundo grupo a ser exaltado"},"content":{"rendered":"<p>LA ROMANA. El exboxeador Pedro Saiz encabeza a cuatro nuevas glorias anunciadas por el Comit\u00e9 Permanente del Sal\u00f3n de la Fama del Deporte Romanense, que ser\u00e1n exaltados en el S\u00e9ptimo Ceremonial del domingo 1 de septiembre, que tendr\u00e1 lugar en el auditorio principal de la Alianza Juvenil para el Deporte y la Cultura de aqu\u00ed, desde las 10:00 de la ma\u00f1ana.<\/p>\n<p>Junto a Saiz, fueron escogidos el legendario narrador h\u00edpico Sim\u00f3n Alfonso Pemberton, el destacado atleta de tenis de campo Alexis Ubiera S\u00e1nchez y Apolinario Cruz S\u00e1nchez, pionero y propulsor del voleibol en esta ciudad.<\/p>\n<p>El doctor Jos\u00e9 Reyes, presidente del Sal\u00f3n de la Fama del Deporte de La Romana, dijo que los nuevos seleccionados se unen a Juli\u00e1n Yan (b\u00e9isbol), Carlos Morales Troncoso (propulsor), Ricardo Torres (voleibol) y Dora Thomas (softbol), para completar 8 de 12 deportistas que ser\u00e1n elevados a la inmortalidad deportiva.<\/p>\n<p>Pedro Saiz naci\u00f3 en La Romana el 30 de noviembre de 1964. Comenz\u00f3 a practicar boxeo en el a\u00f1o de 1984 inspirado por las peleas del paname\u00f1o Roberto \u201cMano de Piedra\u201d Dur\u00e1n, recibiendo instrucciones de los entrenadores Juan Jim\u00e9nez, Gabriel P\u00e9rez y V\u00edctor Pascual, desarrollando una carrera en el boxeo aficionado que lo llev\u00f3 a la selecci\u00f3n nacional en el a\u00f1o de 1985, donde permaneci\u00f3 hasta 1990 compilando r\u00e9cord de 117 victorias y 17 derrotas.<\/p>\n<p>Entre sus logros en aficionado cuenta con tres medallas de oro en Juegos Nacionales de Moca 86 y San Crist\u00f3bal 87, cinco veces campe\u00f3n de la Copa Independencia y medallista de plata en los Juegos Centroamericanos y del Caribe \u201cSantiago 86\u201d, adem\u00e1s medalla de oro en la Copa Cheo Aponte de Puerto Rico.<\/p>\n<p>Registro buenas actuaciones en los Juegos Panamericanos de Indian\u00e1polis en 1987 y participo en los Juegos Ol\u00edmpicos de Se\u00fal en 1988. Luego paso al boxeo profesional, donde compil\u00f3 marca de 28-9-3, llegando a pelear por un t\u00edtulo mundial en 1999 y ganando a su vez los t\u00edtulos de campe\u00f3n de New York y Long Island.<\/p>\n<p>En cuanto a Sim\u00f3n Alfonso Pemberton, nacido en el sector de Buena Vista de esta ciudad, adem\u00e1s de haber practicado b\u00e9isbol, se inclin\u00f3 por la h\u00edpica al visitar en una ocasi\u00f3n el Hip\u00f3dromo Perla Antillana en el a\u00f1o de 1946. Inici\u00f3 su carrera como locutor, cronista deportivo y narrador en el a\u00f1o 1957, escribiendo a partir de ah\u00ed una gloriosa carrera como narrador h\u00edpico con la frase ic\u00f3nica en toda la naci\u00f3n \u201cA Correr Fan\u00e1ticos\u201d.<\/p>\n<p>Pemberton, entre tantas distinciones, condecoraciones y logros obtenidos en su carrera, destaca el haber sido declarado narrador h\u00edpico del Siglo XX por el club de la prensa h\u00edpica.<\/p>\n<p>De su lado, Alexis Ubiera inici\u00f3 a temprana edad la pr\u00e1ctica de tenis en las canchas de la terraza en el Hotel Casa de Campo, participando en su primer Torneo Nacional a la edad de 8 a\u00f1os.<\/p>\n<p>Fue campe\u00f3n nacional en sencillos en las categor\u00edas de 10, 12, 14, 16 y 18 a\u00f1os, a nivel internacional represento al pa\u00eds en el Torneo Mundial en Caracas, Venezuela, obtuvo el tercer lugar.<\/p>\n<p>Ubiera es el \u00fanico romanense y uno de los pocos dominicanos en jugar en la Copa Davis, con tan s\u00f3lo 19 a\u00f1os de edad. En la actualidad se desempe\u00f1a como profesor de tenis en varias ciudades norteamericanas.<\/p>\n<p>De su lado, Apolinario Cruz S\u00e1nchez, aunque nace en Puerto Rico, llega a La Romana a principio del a\u00f1o 1921 en calidad de pastor de la Iglesia Evang\u00e9lica Dominicana, destac\u00e1ndose como un gran activista social a tal punto de incentivar a los j\u00f3venes de esos tiempos a la pr\u00e1ctica deportiva.<\/p>\n<p>Bajo su direcci\u00f3n se construy\u00f3 la primera cancha de voleibol en la comunidad que dio paso a la celebraci\u00f3n de los primeros partidos y por ende iniciando la cosecha de los primeros voleibolistas romanenses. En el a\u00f1o 1930, producto del auge de este deporte entre la juventud de la \u00e9poca, se realiza la primera serie organizada por Don Apolo, como se conoc\u00eda al se\u00f1or Apolinario Cruz, el pionero del voleibol en La Romana.<\/p>\n","protected":false},"excerpt":{"rendered":"<p>El doctor Jos\u00e9 Reyes, presidente del Sal\u00f3n de la Fama del Deporte de La Romana, dijo que los nuevos seleccionados se unen a Juli\u00e1n Yan (b\u00e9isbol), Carlos Morales Troncoso (propulsor), Ricardo Torres (voleibol) y Dora Thomas (softbol), para completar 8 de 12 deportistas que ser\u00e1n elevados a la inmortalidad deportiva.<\/p>\n","protected":false},"author":16,"featured_media":59529,"comment_status":"closed","ping_status":"closed","sticky":false,"template":"","format":"standard","meta":[],"categories":[2,60],"tags":[],"acf":[],"_links":{"self":[{"href":"https:\/\/colimdo.org\/wp-api\/wp\/v2\/posts\/59528"}],"collection":[{"href":"https:\/\/colimdo.org\/wp-api\/wp\/v2\/posts"}],"about":[{"href":"https:\/\/colimdo.org\/wp-api\/wp\/v2\/types\/post"}],"author":[{"embeddable":true,"href":"https:\/\/colimdo.org\/wp-api\/wp\/v2\/users\/16"}],"replies":[{"embeddable":true,"href":"https:\/\/colimdo.org\/wp-api\/wp\/v2\/comments?post=59528"}],"version-history":[{"count":1,"href":"https:\/\/colimdo.org\/wp-api\/wp\/v2\/posts\/59528\/revisions"}],"predecessor-version":[{"id":59530,"href":"https:\/\/colimdo.org\/wp-api\/wp\/v2\/posts\/59528\/revisions\/59530"}],"wp:featuredmedia":[{"embeddable":true,"href":"https:\/\/colimdo.org\/wp-api\/wp\/v2\/media\/59529"}],"wp:attachment":[{"href":"https:\/\/colimdo.org\/wp-api\/wp\/v2\/media?parent=59528"}],"wp:term":[{"taxonomy":"category","embeddable":true,"href":"https:\/\/colimdo.org\/wp-api\/wp\/v2\/categories?post=59528"},{"taxonomy":"post_tag","embeddable":true,"href":"https:\/\/colimdo.org\/wp-api\/wp\/v2\/tags?post=59528"}],"curies":[{"name":"wp","href":"https:\/\/api.w.org\/{rel}","templated":true}]}}