{"id":59543,"date":"2019-08-20T15:09:56","date_gmt":"2019-08-20T15:09:56","guid":{"rendered":"https:\/\/colimdo.org\/?p=59543"},"modified":"2019-08-20T15:09:56","modified_gmt":"2019-08-20T15:09:56","slug":"restos-franchy-prats-seran-expuestos-esta-tarde-funeraria-blandino","status":"publish","type":"post","link":"https:\/\/colimdo.org\/noticias\/restos-franchy-prats-seran-expuestos-esta-tarde-funeraria-blandino\/","title":{"rendered":"Restos de Franchy Prats ser\u00e1n expuestos esta tarde en Funeraria Blandino"},"content":{"rendered":"<p>Los restos mortales de Franchy Prats Ceara, inmortal del deporte dominicano, ser\u00e1n expuestos esta tarde a partir de la 1:00 en la Funeraria Blandino.<br \/>\nPrats falleci\u00f3 la noche del lunes, luego de batallar por dos a\u00f1os con un c\u00e1ncer de colon que afect\u00f3 su salud, pero que no evit\u00f3 que continuara aportando al deporte a trav\u00e9s de su labor period\u00edstica.<br \/>\nEl mi\u00e9rcoles a las 10:00 de la ma\u00f1ana se har\u00e1 una misa de cuerpo presente y a las 11:00 el sepelio en el cementerio Puerta del Cielo.<br \/>\nSu grandeza dentro de las canchas de baloncesto, as\u00ed como su calidad humana y profesional lo hicieron una figura de respeto y de admiraci\u00f3n dentro de la sociedad dominicana.<\/p>\n","protected":false},"excerpt":{"rendered":"<p>Prats falleci\u00f3 la noche del lunes, luego de batallar por dos a\u00f1os con un c\u00e1ncer de colon que afect\u00f3 su salud.<\/p>\n","protected":false},"author":16,"featured_media":59544,"comment_status":"closed","ping_status":"closed","sticky":false,"template":"","format":"standard","meta":[],"categories":[2,60],"tags":[],"acf":[],"_links":{"self":[{"href":"https:\/\/colimdo.org\/wp-api\/wp\/v2\/posts\/59543"}],"collection":[{"href":"https:\/\/colimdo.org\/wp-api\/wp\/v2\/posts"}],"about":[{"href":"https:\/\/colimdo.org\/wp-api\/wp\/v2\/types\/post"}],"author":[{"embeddable":true,"href":"https:\/\/colimdo.org\/wp-api\/wp\/v2\/users\/16"}],"replies":[{"embeddable":true,"href":"https:\/\/colimdo.org\/wp-api\/wp\/v2\/comments?post=59543"}],"version-history":[{"count":1,"href":"https:\/\/colimdo.org\/wp-api\/wp\/v2\/posts\/59543\/revisions"}],"predecessor-version":[{"id":59545,"href":"https:\/\/colimdo.org\/wp-api\/wp\/v2\/posts\/59543\/revisions\/59545"}],"wp:featuredmedia":[{"embeddable":true,"href":"https:\/\/colimdo.org\/wp-api\/wp\/v2\/media\/59544"}],"wp:attachment":[{"href":"https:\/\/colimdo.org\/wp-api\/wp\/v2\/media?parent=59543"}],"wp:term":[{"taxonomy":"category","embeddable":true,"href":"https:\/\/colimdo.org\/wp-api\/wp\/v2\/categories?post=59543"},{"taxonomy":"post_tag","embeddable":true,"href":"https:\/\/colimdo.org\/wp-api\/wp\/v2\/tags?post=59543"}],"curies":[{"name":"wp","href":"https:\/\/api.w.org\/{rel}","templated":true}]}}