{"id":59546,"date":"2019-08-20T15:14:15","date_gmt":"2019-08-20T15:14:15","guid":{"rendered":"https:\/\/colimdo.org\/?p=59546"},"modified":"2019-08-20T15:21:13","modified_gmt":"2019-08-20T15:21:13","slug":"cod-expresa-pesar-fallecimiento-franchy-prats","status":"publish","type":"post","link":"https:\/\/colimdo.org\/noticias\/cod-expresa-pesar-fallecimiento-franchy-prats\/","title":{"rendered":"COD expresa pesar por fallecimiento de Franchy Prats"},"content":{"rendered":"<p><b>SANTO DOMINGO<\/b>.-\u00a0El Comit\u00e9 Ol\u00edmpico Dominicano (COD) se une al dolor que embarga a la familia Prats Ceara por el fallecimiento del inmortal del deporte dominicano Francisco Adolfo Prats Ceara (Franchy), acaecida la noche de este lunes.<\/p>\n<p><span lang=\"ES-DO\">El deporte dominicano ha perdido a una gran personalidad, gran ser humano, en la persona de Franchy Prats, dice una nota del COD, que muestra su solidaridad con la familia del fenecido deportista, que falleci\u00f3 a la edad de 64 a\u00f1os, luego de luchar con una enfermedad terminal.<\/span><\/p>\n<p><span lang=\"ES-DO\">\u201cEste es otro duro golpe para el deporte dominicano\u201d, a\u00f1ade la nota, sobre el ex selecci\u00f3n nacional de baloncesto, productor y conductor del programa Centro\u00a0Deportes.<\/span><\/p>\n<p><span lang=\"ES-DO\">Sus restos ser\u00e1n velados a partir de la una de la tarde de este martes en la Funeraria Blandino de la avenida Abraham Lincoln. El sepelio se producir\u00e1 el mi\u00e9rcoles, en el cementerio Puerta del Cielo.<\/span><\/p>\n<p>Falleci\u00f3 este lunes alrededor de las nueve de la noche, Franchy Prats, inmortal del deporte dominicano, tras librar una tenaz batalla con el c\u00e1ncer de colon.<\/p>\n<p><span lang=\"ES-DO\">Prats, ex estrella del baloncesto dominicano, falleci\u00f3 a los 64 a\u00f1os, tras empeorarse su salud en los \u00faltimos d\u00edas.\u00a0<\/span>Estaba recluido en la Plaza de la Salud.<\/p>\n<p><span lang=\"ES-DO\">Desde hace poco m\u00e1s de dos a\u00f1os hab\u00eda sido diagnosticado con c\u00e1ncer de colon, librando una gran batalla por sobrevivir.<\/span><\/p>\n<p>Prats hab\u00eda permanecido hospitalizado desde los d\u00edas antes de la celebraci\u00f3n del D\u00eda del Padre, fecha en que recib\u00eda los procesos de quimioterapia.<\/p>\n<p><span lang=\"ES-DO\">Fue inmortalizado al Pabell\u00f3n de la Fama en el 2002.<\/span><\/p>\n<p><span lang=\"ES-DO\">El lunes temprano, sus familiares le llevaron a su nieto Marcos a la sala donde estaba recluido, lo abraz\u00f3, le dio un beso y a las pocas horas entr\u00f3 en estado ag\u00f3nico.<\/span><\/p>\n<p>Desde que este lunes se dio a conocer la noticia, la misma se expandi\u00f3 de manera r\u00e1pida a trav\u00e9s de las redes sociales, pues siempre se distingui\u00f3 como un gran caballero dentro y fuera de la cancha.<\/p>\n<p>Su muerte enluta al deporte dominicano, siendo otro golpe mortal, apenas nueve d\u00edas despu\u00e9s del repentino fallecimiento de Antonio-Chicho- Sibilio, otra estrella del baloncesto.<\/p>\n<p>Adem\u00e1s de muy especialmente con sus colegas de la cr\u00f3nica deportiva, entidad en que fue siempre uno de sus miembros m\u00e1s distinguidos.<\/p>\n<p>Prats jug\u00f3 en el baloncesto superior con Naco, Los Astros, San Carlos. Dirigi\u00f3 al equipo Los Prados. Fue uno de los miembros del equipo dominicano que conquist\u00f3 la medalla de oro en Centrobasquet 77.<\/p>\n","protected":false},"excerpt":{"rendered":"<p>Sus restos ser\u00e1n velados a partir de la una de la tarde de este martes en la Funeraria Blandino de la avenida Abraham Lincoln y ser\u00e1 sepultado este mi\u00e9rcoles.<\/p>\n","protected":false},"author":16,"featured_media":59547,"comment_status":"closed","ping_status":"closed","sticky":false,"template":"","format":"standard","meta":[],"categories":[2,60],"tags":[],"acf":[],"_links":{"self":[{"href":"https:\/\/colimdo.org\/wp-api\/wp\/v2\/posts\/59546"}],"collection":[{"href":"https:\/\/colimdo.org\/wp-api\/wp\/v2\/posts"}],"about":[{"href":"https:\/\/colimdo.org\/wp-api\/wp\/v2\/types\/post"}],"author":[{"embeddable":true,"href":"https:\/\/colimdo.org\/wp-api\/wp\/v2\/users\/16"}],"replies":[{"embeddable":true,"href":"https:\/\/colimdo.org\/wp-api\/wp\/v2\/comments?post=59546"}],"version-history":[{"count":2,"href":"https:\/\/colimdo.org\/wp-api\/wp\/v2\/posts\/59546\/revisions"}],"predecessor-version":[{"id":59550,"href":"https:\/\/colimdo.org\/wp-api\/wp\/v2\/posts\/59546\/revisions\/59550"}],"wp:featuredmedia":[{"embeddable":true,"href":"https:\/\/colimdo.org\/wp-api\/wp\/v2\/media\/59547"}],"wp:attachment":[{"href":"https:\/\/colimdo.org\/wp-api\/wp\/v2\/media?parent=59546"}],"wp:term":[{"taxonomy":"category","embeddable":true,"href":"https:\/\/colimdo.org\/wp-api\/wp\/v2\/categories?post=59546"},{"taxonomy":"post_tag","embeddable":true,"href":"https:\/\/colimdo.org\/wp-api\/wp\/v2\/tags?post=59546"}],"curies":[{"name":"wp","href":"https:\/\/api.w.org\/{rel}","templated":true}]}}