{"id":59567,"date":"2019-08-21T00:21:42","date_gmt":"2019-08-21T00:21:42","guid":{"rendered":"https:\/\/colimdo.org\/?p=59567"},"modified":"2019-08-21T00:21:55","modified_gmt":"2019-08-21T00:21:55","slug":"campeonato-del-caribe-pre-cadetes-tenis-mesa-inicia-este-miercoles","status":"publish","type":"post","link":"https:\/\/colimdo.org\/noticias\/campeonato-del-caribe-pre-cadetes-tenis-mesa-inicia-este-miercoles\/","title":{"rendered":"Campeonato del Caribe Pre-Cadetes tenis mesa inicia este mi\u00e9rcoles"},"content":{"rendered":"<p><strong>SANTO DOMINGO<\/strong><span style=\"font-style: inherit; font-weight: inherit;\">. Con las competencias por equipos, arranca este mi\u00e9rcoles, desde las 9:00 de la ma\u00f1ana, el Campeonato del Caribe Pre-Cadetes\u00a0\u00a0sub-11 y sub-13 de Tenis de Mesa en el Pabell\u00f3n de ese deporte del Parque del Este.<\/span><\/p>\n<p>M\u00e1s de 90 atletas en ambas ramas, provenientes de siete pa\u00edses, se disputar\u00e1n la Copa Claro de Tenis de Mesa del Caribe.<\/p>\n<p>El presidente de la Federaci\u00f3n Dominicana de Tenis (Fedoteme), licenciado Juan Vila, manifest\u00f3 que las delegaciones de los pa\u00edses que tomar\u00e1n parte en el certamen ya se encuentran en el pa\u00eds y que la log\u00edstica est\u00e1 montada para que el campeonato sea un \u00e9xito.<\/p>\n<p>\u201cAqu\u00ed reuniremos a los talentos del futuro, los atletas que se inician en el tenis de mesa. Este es el evento anual de desarrollo de la Confederaci\u00f3n del Caribe de Tenis de Mesa\u201d, indic\u00f3 Vila. \u201cEste torneo es una forma de tomar en cuenta a los talentos que comienzan a exhibir sus cualidades en este deporte y los que ya van en crecimiento\u201d, agreg\u00f3.<\/p>\n<p>El campeonato, que se celebrar\u00e1 hasta el pr\u00f3ximo 26 de este mes, \u00a0cuenta con el apoyo del Ministerio de Deportes, Comit\u00e9 Ol\u00edmpico Dominicano (COD), Claro, Peps, Direcci\u00f3n General de Impuestos Internos (DGII) y Creso.<\/p>\n<p><span style=\"font-style: inherit; font-weight: inherit;\">El campe\u00f3n tanto en masculino como en femenino de la categor\u00eda sub-11 clasifica directamente al Hop Continental que tendr\u00e1 lugar en Salinas, Puerto Rico, del 8 al 13 de octubre pr\u00f3ximo.<\/span><\/p>\n<p><span style=\"font-style: inherit; font-weight: inherit;\">El Campeonato del Caribe Pre-Cadetes\u00a0\u00a0sub-11 y sub-13 de Tenis de Mesa arranca el mi\u00e9rcoles con las competencias por equipos desde las 9:00 de la ma\u00f1ana, mientras que la ceremonia de apertura est\u00e1 pautada para llevarse a cabo el jueves a las 4:00 de la tarde.<\/span><\/p>\n<p><span style=\"font-style: inherit; font-weight: inherit;\">Luego de las competencias por equipos, se dar\u00e1 paso el viernes y s\u00e1bado estar\u00e1n en acci\u00f3n en la modalidad de dobles, en tanto que el domingo y el lunes ser\u00e1n en sencillos masculinos y femeninos.<\/span><\/p>\n<p><span style=\"font-style: inherit; font-weight: inherit;\">En el Campeonato del Caribe Pre-Cadetes\u00a0\u00a0sub-11 y sub-13 de Tenis de Mesa tomar\u00e1n parte atletas de Guyana, Barbados, Jamaica, Trinidad &amp; Tobago, Aruba, Puerto Rico y Rep\u00fablica Dominicana.<\/span><\/p>\n","protected":false},"excerpt":{"rendered":"<p>Desde las 9:00 de la ma\u00f1ana arrancan las competencias por equipos en el Pabell\u00f3n de Tenis de Mesa del Parque del Este.<\/p>\n","protected":false},"author":13,"featured_media":59568,"comment_status":"closed","ping_status":"closed","sticky":false,"template":"","format":"standard","meta":[],"categories":[2,60],"tags":[],"acf":[],"_links":{"self":[{"href":"https:\/\/colimdo.org\/wp-api\/wp\/v2\/posts\/59567"}],"collection":[{"href":"https:\/\/colimdo.org\/wp-api\/wp\/v2\/posts"}],"about":[{"href":"https:\/\/colimdo.org\/wp-api\/wp\/v2\/types\/post"}],"author":[{"embeddable":true,"href":"https:\/\/colimdo.org\/wp-api\/wp\/v2\/users\/13"}],"replies":[{"embeddable":true,"href":"https:\/\/colimdo.org\/wp-api\/wp\/v2\/comments?post=59567"}],"version-history":[{"count":1,"href":"https:\/\/colimdo.org\/wp-api\/wp\/v2\/posts\/59567\/revisions"}],"predecessor-version":[{"id":59569,"href":"https:\/\/colimdo.org\/wp-api\/wp\/v2\/posts\/59567\/revisions\/59569"}],"wp:featuredmedia":[{"embeddable":true,"href":"https:\/\/colimdo.org\/wp-api\/wp\/v2\/media\/59568"}],"wp:attachment":[{"href":"https:\/\/colimdo.org\/wp-api\/wp\/v2\/media?parent=59567"}],"wp:term":[{"taxonomy":"category","embeddable":true,"href":"https:\/\/colimdo.org\/wp-api\/wp\/v2\/categories?post=59567"},{"taxonomy":"post_tag","embeddable":true,"href":"https:\/\/colimdo.org\/wp-api\/wp\/v2\/tags?post=59567"}],"curies":[{"name":"wp","href":"https:\/\/api.w.org\/{rel}","templated":true}]}}