{"id":59573,"date":"2019-08-21T00:41:29","date_gmt":"2019-08-21T00:41:29","guid":{"rendered":"https:\/\/colimdo.org\/?p=59573"},"modified":"2019-08-21T00:41:44","modified_gmt":"2019-08-21T00:41:44","slug":"equipos-inician-lucha-nacional-futbol-infantil-padre-vicente-moca","status":"publish","type":"post","link":"https:\/\/colimdo.org\/noticias\/equipos-inician-lucha-nacional-futbol-infantil-padre-vicente-moca\/","title":{"rendered":"Equipos inician lucha Nacional F\u00fatbol Infantil Padre Vicente en Moca"},"content":{"rendered":"<p><strong>MOCA<\/strong><strong>.<\/strong>\u00a0Con la participaci\u00f3n de unos 256 adolescentes en la categor\u00eda sub-13 fue inaugurado en Moca el XXIX Torneo Nacional de F\u00fatbol Infantil Padre Vicente, organizado por la Asociaci\u00f3n de F\u00fatbol de la Provincia Espaillat (AFE).<\/p>\n<p>En el XXIX del F\u00fatbol Padre Vicente participan 16 equipos, los cuales jugar\u00e1n una serie regular, los cuartos de final, semifinal y la gran final el domingo 25 de agosto en el play Don Bosco de esta ciudad.<\/p>\n<p>La actividad inicio con las palabras de bendici\u00f3n del hermano Rafael Payano, Asesor del Oratorio del Centro Juvenil Don Bosco. Luego Jos\u00e9 Frank Acosta tuvo a su cargo las palabras de bienvenida.<\/p>\n<p>El presidente de AFE, el El\u00edas Parra, manifest\u00f3 que \u201cestamos de fiesta, el f\u00fatbol nos une y mueve nuestras emociones, ni\u00f1os y ni\u00f1as, adolescentes, j\u00f3venes y adultos nos unimos para vivir esta experiencia, disfr\u00fatenla es para ustedes\u201d.<\/p>\n<p>El dirigente deportivo manifest\u00f3 que urge la terminaci\u00f3n del estadio Ol\u00edmpico de Moca para que todos los que asistan apoyar al MOCA FC, puedan disfrutar de un espect\u00e1culo del mejor nivel.<\/p>\n<p>Tambi\u00e9n se dirigi\u00f3 a los presentes, Julio Taveras, presidente de la Uni\u00f3n Deportiva de la Provincia Espaillat (UDEPE), el saque de honor fue por Jorge Rolando Bauger y Juan Pancasio Mendoza. La actividad comenz\u00f3 con un openning del grupo \u201cHuellas de Jeshua\u201d del Centro Juvenil Don Bosco.<\/p>\n<p>La justa es patrocinada por el\u00a0<em>Ministerio de la Presidencia<\/em>\u00a0y Ministerio de Deportes y Recreaci\u00f3n (MIDEREC).<\/p>\n<p><strong>Equipos participantes\u00a0<\/strong><\/p>\n<p>La Salle, Salcedo, Dosa, Mao, San Crist\u00f3bal, Constanza, Castillo, Jarabacoa, Santiago Rodr\u00edguez, Villa Tapia, Asofutvega, Puerto Plata, Escuela de Bauger, Nagua, Asofutsado y los anfitriones de Moca.<\/p>\n","protected":false},"excerpt":{"rendered":"<p>El torneo fue inaugurado con un total de 256 jovencitos en 16 equipos en la categor\u00eda sub-13 organizado por la Asociaci\u00f3n de F\u00fatbol de la Provincia Espaillat.<\/p>\n","protected":false},"author":13,"featured_media":59574,"comment_status":"closed","ping_status":"closed","sticky":false,"template":"","format":"standard","meta":[],"categories":[2,60],"tags":[],"acf":[],"_links":{"self":[{"href":"https:\/\/colimdo.org\/wp-api\/wp\/v2\/posts\/59573"}],"collection":[{"href":"https:\/\/colimdo.org\/wp-api\/wp\/v2\/posts"}],"about":[{"href":"https:\/\/colimdo.org\/wp-api\/wp\/v2\/types\/post"}],"author":[{"embeddable":true,"href":"https:\/\/colimdo.org\/wp-api\/wp\/v2\/users\/13"}],"replies":[{"embeddable":true,"href":"https:\/\/colimdo.org\/wp-api\/wp\/v2\/comments?post=59573"}],"version-history":[{"count":1,"href":"https:\/\/colimdo.org\/wp-api\/wp\/v2\/posts\/59573\/revisions"}],"predecessor-version":[{"id":59575,"href":"https:\/\/colimdo.org\/wp-api\/wp\/v2\/posts\/59573\/revisions\/59575"}],"wp:featuredmedia":[{"embeddable":true,"href":"https:\/\/colimdo.org\/wp-api\/wp\/v2\/media\/59574"}],"wp:attachment":[{"href":"https:\/\/colimdo.org\/wp-api\/wp\/v2\/media?parent=59573"}],"wp:term":[{"taxonomy":"category","embeddable":true,"href":"https:\/\/colimdo.org\/wp-api\/wp\/v2\/categories?post=59573"},{"taxonomy":"post_tag","embeddable":true,"href":"https:\/\/colimdo.org\/wp-api\/wp\/v2\/tags?post=59573"}],"curies":[{"name":"wp","href":"https:\/\/api.w.org\/{rel}","templated":true}]}}