{"id":59579,"date":"2019-08-21T03:52:20","date_gmt":"2019-08-21T03:52:20","guid":{"rendered":"https:\/\/colimdo.org\/?p=59579"},"modified":"2019-08-21T03:52:20","modified_gmt":"2019-08-21T03:52:20","slug":"150-jugadores-confirman-participacion-copa-internacional-tenis-casa-campo","status":"publish","type":"post","link":"https:\/\/colimdo.org\/noticias\/150-jugadores-confirman-participacion-copa-internacional-tenis-casa-campo\/","title":{"rendered":"150 jugadores confirman participaci\u00f3n en Copa Internacional de Tenis Casa de Campo"},"content":{"rendered":"<p>EL NUEVO DIARIO, LA ROMANA.- M\u00e1s de 150 jugadores en representaci\u00f3n de 10 pa\u00edses, han confirmado su participaci\u00f3n en el XLII Torneo Internacional de Tenis Copa Casa de Campo, a escenificarse del 29 de agosto al 1 de septiembre, en el Centro de Tenis La Terraza, de Casa de Campo Resort &amp; Villas, de esta ciudad.<\/p>\n<p>La informaci\u00f3n fue ofrecida por Mat\u00edas Territoriale, director del evento, quien anunci\u00f3 que los aprestos organizativos con miras a la celebraci\u00f3n del tradicional certamen marchan de acuerdo a la ruta cr\u00edtica programada.<\/p>\n<p>\u201cEl Comit\u00e9 Organizador ha trabajado arduamente y con mucho tiempo de antelaci\u00f3n, por lo que todo est\u00e1 listo para la puesta en marcha del torneo\u201d, destac\u00f3 Territoriale, quien adem\u00e1s es el director de Tenis de Casa de Campo.<\/p>\n<p>Apunt\u00f3 que \u201ccomo en cada edici\u00f3n, no hemos escatimado esfuerzos para que el evento se celebre con la mayor brillantez posible\u201d, destac\u00f3.<\/p>\n<p>El torneo fue fundado por el empresario \u00edtalo-dominicano Vincenzo Mastrolilli en 1978 con el nombre de Copa Siboney y desde entonces se ha mantenido como uno de los principales eventos del tenis dominicano, gracias al respaldo del Central Romana Corporation, y Casa de Campo.<\/p>\n<p>Teritoriale dio a conocer que m\u00e1s de 150 jugadores se han inscrito ya para participar en la justa, procedentes de Puerto Rico, Venezuela, M\u00e9xico, Estados Unidos, Argentina, Colombia, Italia y Espa\u00f1a, adem\u00e1s de Rep\u00fablica Dominicana. Se espera que antes de inaugurarse el torneo la pr\u00f3xima semana, el n\u00famero de competidores sobre pase los 200.<\/p>\n<p>En el certamen compiten jugadores mayores de 21 a\u00f1os, en las modalidades de sencillos y dobles, tanto en la rama masculina como femenina. Las inscripciones para participar en el evento estar\u00e1n abiertas hasta el lunes 26 de agosto, a las 5:00 de la tarde.<\/p>\n<p>Los primeros partidos de sencillos comenzar\u00e1n a jugarse a las 9:00 de la ma\u00f1ana del jueves 29 de agosto y la inauguraci\u00f3n oficial est\u00e1 pautada para las 6:00 de la tarde de ese d\u00eda.<\/p>\n<p>Viernes y s\u00e1bado continuar\u00e1n los encuentros de sencillos y se iniciar\u00e1n los juegos de dobles, celebr\u00e1ndose el domingo 1 septiembre, a partir de las 9:00 a.m., las finales en ambas modalidades.<\/p>\n<p>La ceremonia de premiaci\u00f3n y clausura del certamen se realizar\u00e1 ese domingo, iniciando a las 2:00 p.m.<\/p>\n<p>Se ha anunciado tambi\u00e9n un c\u00f3ctel y fiesta bailable el s\u00e1bado en la noche, cuyo costo est\u00e1 incluido en la inscripci\u00f3n del torneo.<\/p>\n<p>&nbsp;<\/p>\n","protected":false},"excerpt":{"rendered":"<p>La informaci\u00f3n fue ofrecida por Mat\u00edas Territoriale, director del evento, quien anunci\u00f3 que los aprestos organizativos con miras a la celebraci\u00f3n del tradicional certamen marchan de acuerdo a la ruta cr\u00edtica programada.<\/p>\n","protected":false},"author":19,"featured_media":59580,"comment_status":"closed","ping_status":"closed","sticky":false,"template":"","format":"standard","meta":[],"categories":[2,60],"tags":[],"acf":[],"_links":{"self":[{"href":"https:\/\/colimdo.org\/wp-api\/wp\/v2\/posts\/59579"}],"collection":[{"href":"https:\/\/colimdo.org\/wp-api\/wp\/v2\/posts"}],"about":[{"href":"https:\/\/colimdo.org\/wp-api\/wp\/v2\/types\/post"}],"author":[{"embeddable":true,"href":"https:\/\/colimdo.org\/wp-api\/wp\/v2\/users\/19"}],"replies":[{"embeddable":true,"href":"https:\/\/colimdo.org\/wp-api\/wp\/v2\/comments?post=59579"}],"version-history":[{"count":1,"href":"https:\/\/colimdo.org\/wp-api\/wp\/v2\/posts\/59579\/revisions"}],"predecessor-version":[{"id":59581,"href":"https:\/\/colimdo.org\/wp-api\/wp\/v2\/posts\/59579\/revisions\/59581"}],"wp:featuredmedia":[{"embeddable":true,"href":"https:\/\/colimdo.org\/wp-api\/wp\/v2\/media\/59580"}],"wp:attachment":[{"href":"https:\/\/colimdo.org\/wp-api\/wp\/v2\/media?parent=59579"}],"wp:term":[{"taxonomy":"category","embeddable":true,"href":"https:\/\/colimdo.org\/wp-api\/wp\/v2\/categories?post=59579"},{"taxonomy":"post_tag","embeddable":true,"href":"https:\/\/colimdo.org\/wp-api\/wp\/v2\/tags?post=59579"}],"curies":[{"name":"wp","href":"https:\/\/api.w.org\/{rel}","templated":true}]}}