{"id":59594,"date":"2019-08-21T03:53:33","date_gmt":"2019-08-21T03:53:33","guid":{"rendered":"https:\/\/colimdo.org\/?p=59594"},"modified":"2019-08-21T04:31:12","modified_gmt":"2019-08-21T04:31:12","slug":"chris-sale-se-perdera-resto-la-temporada","status":"publish","type":"post","link":"https:\/\/colimdo.org\/noticias\/chris-sale-se-perdera-resto-la-temporada\/","title":{"rendered":"Chris Sale se perder\u00e1 el resto de la temporada"},"content":{"rendered":"<p>BOSTON. El zurdo de los Medias Rojas de Boston Chris Sale recibi\u00f3 tratamiento debido a una inflamaci\u00f3n en el codo, que lo mantendr\u00e1 fuera de acci\u00f3n el resto de la temporada regular.<\/p>\n<p>El reconocido ortopedista, el doctor James Andrews, le aplic\u00f3 ayer a Sale una inyecci\u00f3n de plasma enriquecido con leucocitos y ser\u00e1 reevaluado en seis semanas.<\/p>\n<p>El tratamiento podr\u00eda resultar en buenas noticias para el equipo, que tem\u00eda que Sale requiriera de cirug\u00eda Tommy John, un procedimiento que posiblemente lo ausentar\u00eda toda la pr\u00f3xima campa\u00f1a. Pero la p\u00e9rdida de Sale significa un duro golpe para los campeones defensores y sus ya de por s\u00ed escasas posibilidades de refrendar su t\u00edtulo.<\/p>\n<p>Sale ingres\u00f3 a la lista de lesionados el s\u00e1bado, cuatro d\u00edas despu\u00e9s de medirse ante los Indios de Cleveland. En caso de no volver a lanzar esta campa\u00f1a, terminar\u00e1 con foja de 6-11 y 4.40 de efectividad \u2013 ambas cifras las peores de su carrera por amplio margen.<\/p>\n","protected":false},"excerpt":{"rendered":"<p>El zurdo de los Medias Rojas de Boston Chris Sale recibi\u00f3 tratamiento debido a una inflamaci\u00f3n en el codo, que lo mantendr\u00e1 fuera de acci\u00f3n el resto de la temporada regular.<\/p>\n","protected":false},"author":19,"featured_media":59597,"comment_status":"closed","ping_status":"closed","sticky":false,"template":"","format":"standard","meta":[],"categories":[2,60],"tags":[],"acf":[],"_links":{"self":[{"href":"https:\/\/colimdo.org\/wp-api\/wp\/v2\/posts\/59594"}],"collection":[{"href":"https:\/\/colimdo.org\/wp-api\/wp\/v2\/posts"}],"about":[{"href":"https:\/\/colimdo.org\/wp-api\/wp\/v2\/types\/post"}],"author":[{"embeddable":true,"href":"https:\/\/colimdo.org\/wp-api\/wp\/v2\/users\/19"}],"replies":[{"embeddable":true,"href":"https:\/\/colimdo.org\/wp-api\/wp\/v2\/comments?post=59594"}],"version-history":[{"count":1,"href":"https:\/\/colimdo.org\/wp-api\/wp\/v2\/posts\/59594\/revisions"}],"predecessor-version":[{"id":59596,"href":"https:\/\/colimdo.org\/wp-api\/wp\/v2\/posts\/59594\/revisions\/59596"}],"wp:featuredmedia":[{"embeddable":true,"href":"https:\/\/colimdo.org\/wp-api\/wp\/v2\/media\/59597"}],"wp:attachment":[{"href":"https:\/\/colimdo.org\/wp-api\/wp\/v2\/media?parent=59594"}],"wp:term":[{"taxonomy":"category","embeddable":true,"href":"https:\/\/colimdo.org\/wp-api\/wp\/v2\/categories?post=59594"},{"taxonomy":"post_tag","embeddable":true,"href":"https:\/\/colimdo.org\/wp-api\/wp\/v2\/tags?post=59594"}],"curies":[{"name":"wp","href":"https:\/\/api.w.org\/{rel}","templated":true}]}}