{"id":59604,"date":"2019-08-21T14:04:27","date_gmt":"2019-08-21T14:04:27","guid":{"rendered":"https:\/\/colimdo.org\/?p=59604"},"modified":"2019-08-21T14:08:33","modified_gmt":"2019-08-21T14:08:33","slug":"fedombal-firma-acuerdo-colaboracion-federacion-espanola-baloncesto","status":"publish","type":"post","link":"https:\/\/colimdo.org\/noticias\/fedombal-firma-acuerdo-colaboracion-federacion-espanola-baloncesto\/","title":{"rendered":"Fedombal firma acuerdo de colaboraci\u00f3n con Federaci\u00f3n Espa\u00f1ola de Baloncesto"},"content":{"rendered":"<p>ESPA\u00d1A.- Con motivo del partido de preparaci\u00f3n para la Copa del Mundo que este jueves disputan en Madrid las selecciones de Espa\u00f1a y la Rep\u00fablica Dominicana, las Federaciones Nacionales de ambos pa\u00edses han llegado a un\u00a0acuerdo de colaboraci\u00f3n para los pr\u00f3ximos cuatro a\u00f1os.<\/p>\n<p>Esta ma\u00f1ana,\u00a0Jorge Garbajosa, Presidente de la FEB, ha mantenido una reuni\u00f3n de trabajo con\u00a0Rafael Uribe, Presidente de la Federaci\u00f3n Dominicana (FEDOMBAL). En la misma, ambos dirigentes han rubricado el acuerdo.<\/p>\n<p>Este convenio, que tiene como principal objetivo realzar la buena relaci\u00f3n existente entre ambas Federaciones, pondr\u00e1 \u00e9nfasis en el trabajo de las categor\u00edas de formaci\u00f3n, los equipos t\u00e9cnicos y biom\u00e9dicos y en la celebraci\u00f3n de pr\u00f3ximos encuentros amistosos y organizaci\u00f3n de cl\u00ednics de entrenadores.<\/p>\n","protected":false},"excerpt":{"rendered":"<p>El acuerdo prioriza el trabajo en las categor\u00edas formativas.<\/p>\n","protected":false},"author":16,"featured_media":59605,"comment_status":"closed","ping_status":"closed","sticky":false,"template":"","format":"standard","meta":[],"categories":[2,60],"tags":[],"acf":[],"_links":{"self":[{"href":"https:\/\/colimdo.org\/wp-api\/wp\/v2\/posts\/59604"}],"collection":[{"href":"https:\/\/colimdo.org\/wp-api\/wp\/v2\/posts"}],"about":[{"href":"https:\/\/colimdo.org\/wp-api\/wp\/v2\/types\/post"}],"author":[{"embeddable":true,"href":"https:\/\/colimdo.org\/wp-api\/wp\/v2\/users\/16"}],"replies":[{"embeddable":true,"href":"https:\/\/colimdo.org\/wp-api\/wp\/v2\/comments?post=59604"}],"version-history":[{"count":2,"href":"https:\/\/colimdo.org\/wp-api\/wp\/v2\/posts\/59604\/revisions"}],"predecessor-version":[{"id":59607,"href":"https:\/\/colimdo.org\/wp-api\/wp\/v2\/posts\/59604\/revisions\/59607"}],"wp:featuredmedia":[{"embeddable":true,"href":"https:\/\/colimdo.org\/wp-api\/wp\/v2\/media\/59605"}],"wp:attachment":[{"href":"https:\/\/colimdo.org\/wp-api\/wp\/v2\/media?parent=59604"}],"wp:term":[{"taxonomy":"category","embeddable":true,"href":"https:\/\/colimdo.org\/wp-api\/wp\/v2\/categories?post=59604"},{"taxonomy":"post_tag","embeddable":true,"href":"https:\/\/colimdo.org\/wp-api\/wp\/v2\/tags?post=59604"}],"curies":[{"name":"wp","href":"https:\/\/api.w.org\/{rel}","templated":true}]}}