{"id":59613,"date":"2019-08-21T15:21:37","date_gmt":"2019-08-21T15:21:37","guid":{"rendered":"https:\/\/colimdo.org\/?p=59613"},"modified":"2019-08-21T15:21:37","modified_gmt":"2019-08-21T15:21:37","slug":"la-contaminacion-la-bahia-tokio-vuelve-causar-preocupacion-los-jjoo","status":"publish","type":"post","link":"https:\/\/colimdo.org\/noticias\/la-contaminacion-la-bahia-tokio-vuelve-causar-preocupacion-los-jjoo\/","title":{"rendered":"La contaminaci\u00f3n de la bah\u00eda de Tokio vuelve a causar preocupaci\u00f3n para los JJOO"},"content":{"rendered":"<p>Tokio, 21 ago (EFE).- Los niveles excesivos de bacterias detectados en la bah\u00eda de Tokio han vuelto a generar preocupaci\u00f3n por su posible impacto en competiciones ol\u00edmpicas que se disputar\u00e1n en esas aguas en los JJOO de 2020, cuando resta menos de un a\u00f1o para el evento.<\/p>\n<p>El problema sali\u00f3 a la luz por primera vez en 2017, y volvi\u00f3 a aflorar durante una competici\u00f3n de paratriatl\u00f3n disputada el pasado fin de semana en el Odaiba Marine Park de la bah\u00eda tokiota, lo que oblig\u00f3 a la organizaci\u00f3n a cancelar el tramo acu\u00e1tico de este torneo paral\u00edmpico disputado como evento de prueba para 2020.<\/p>\n<p>El comit\u00e9 de organizaci\u00f3n de los Juegos Ol\u00edmpicos y Paral\u00edmpicos de 2020 &#8220;har\u00e1 todo lo posible&#8221; por resolver el problema y garantizar &#8220;que todas las competiciones pueden celebrarse con garant\u00edas para los atletas&#8221;, dijo el vicepresidente de dicha instituci\u00f3n, Yasushi Yamawaki, en una rueda de prensa celebrada este mi\u00e9rcoles en Tokio.<\/p>\n<p>Los organizadores comenzaron a instalar el a\u00f1o pasado barreras submarinas en la bah\u00eda para frenar el influjo de aguas residuales en sus aguas, y ante la reaparici\u00f3n de niveles excesivos de bacterias tiene previsto triplicar las capas de protecci\u00f3n subacu\u00e1ticas.<\/p>\n<p>&#8220;Estamos confiados en que el problema se podr\u00e1 resolver con estas medidas&#8221;, dijo en la misma comparecencia el director de comunicaciones del Comit\u00e9 Paral\u00edmpico Internacional, Craig Spence, quien no obstante mostr\u00f3 su &#8220;decepci\u00f3n&#8221; por la cancelaci\u00f3n del citado evento de prueba para los Paral\u00edmpicos de 2020.<\/p>\n<p>El tramo de nataci\u00f3n de la paratriatl\u00f3n fue suspendido el pasado d\u00eda 18 tras detectarse en las aguas de la bah\u00eda de tokio un nivel de bacterias E.coli que duplicaba el l\u00edmite establecido por la Federaci\u00f3n Internacional de Triatl\u00f3n (ITU), seg\u00fan la organizaci\u00f3n.<\/p>\n<p>En cambio, las mediciones en el Odaiba Marine Park presentaron niveles considerados seguros en d\u00edas anteriores, cuando se celebraron otras pruebas de triatl\u00f3n y de marat\u00f3n en aguas abiertas, categor\u00edas que forman parte del programa ol\u00edmpico para 2020.<\/p>\n<p>Se cree que los picos de contaminaci\u00f3n por bacterias se deben a las fuertes lluvias registradas en esos d\u00edas en la regi\u00f3n, que causaron que las canalizaciones subterr\u00e1neas se desbordasen, se mezclasen con aguas residuales sin depurar y fueran a parar a la bah\u00eda tokiota.<\/p>\n","protected":false},"excerpt":{"rendered":"<p>El problema sali\u00f3 a la luz por primera vez en 2017, y volvi\u00f3 a aflorar durante una competici\u00f3n de paratriatl\u00f3n disputada el pasado fin de semana en el Odaiba Marine Park de la bah\u00eda tokiota, lo que oblig\u00f3 a la organizaci\u00f3n a cancelar el tramo acu\u00e1tico de este torneo paral\u00edmpico disputado como evento de prueba para 2020.<\/p>\n","protected":false},"author":16,"featured_media":59614,"comment_status":"closed","ping_status":"closed","sticky":false,"template":"","format":"standard","meta":[],"categories":[2,60],"tags":[],"acf":[],"_links":{"self":[{"href":"https:\/\/colimdo.org\/wp-api\/wp\/v2\/posts\/59613"}],"collection":[{"href":"https:\/\/colimdo.org\/wp-api\/wp\/v2\/posts"}],"about":[{"href":"https:\/\/colimdo.org\/wp-api\/wp\/v2\/types\/post"}],"author":[{"embeddable":true,"href":"https:\/\/colimdo.org\/wp-api\/wp\/v2\/users\/16"}],"replies":[{"embeddable":true,"href":"https:\/\/colimdo.org\/wp-api\/wp\/v2\/comments?post=59613"}],"version-history":[{"count":1,"href":"https:\/\/colimdo.org\/wp-api\/wp\/v2\/posts\/59613\/revisions"}],"predecessor-version":[{"id":59615,"href":"https:\/\/colimdo.org\/wp-api\/wp\/v2\/posts\/59613\/revisions\/59615"}],"wp:featuredmedia":[{"embeddable":true,"href":"https:\/\/colimdo.org\/wp-api\/wp\/v2\/media\/59614"}],"wp:attachment":[{"href":"https:\/\/colimdo.org\/wp-api\/wp\/v2\/media?parent=59613"}],"wp:term":[{"taxonomy":"category","embeddable":true,"href":"https:\/\/colimdo.org\/wp-api\/wp\/v2\/categories?post=59613"},{"taxonomy":"post_tag","embeddable":true,"href":"https:\/\/colimdo.org\/wp-api\/wp\/v2\/tags?post=59613"}],"curies":[{"name":"wp","href":"https:\/\/api.w.org\/{rel}","templated":true}]}}