{"id":59621,"date":"2019-08-21T16:29:23","date_gmt":"2019-08-21T16:29:23","guid":{"rendered":"https:\/\/colimdo.org\/?p=59621"},"modified":"2019-08-21T16:29:23","modified_gmt":"2019-08-21T16:29:23","slug":"ruben-tejada-segundo-refuerzo-anunciado-escogido","status":"publish","type":"post","link":"https:\/\/colimdo.org\/noticias\/ruben-tejada-segundo-refuerzo-anunciado-escogido\/","title":{"rendered":"Rub\u00e9n Tejada, segundo refuerzo anunciado por el Escogido"},"content":{"rendered":"<p>SANTO DOMINGO.- La gerencia de Operaciones de los Leones del Escogido comunic\u00f3 este mi\u00e9rcoles que ha contratado al infielder Rub\u00e9n Tejada como refuerzo, para la temporada 2019-2020 de la Liga de B\u00e9isbol Profesional de la Rep\u00fablica Dominicana.<\/p>\n<p>Tejada cuenta con la capacidad de defender la intermedia, la antesala y el campocorto, posiciones que ha estado jugando este a\u00f1o con los Mets de Nueva York desde que fue convocado a las Mayores hace una semana.<\/p>\n<p>Su desempe\u00f1o con los Syracuse Mets (AAA) result\u00f3 determinante para volver a la gran carpa por primera vez desde el 2017. All\u00ed bate\u00f3 promedio de .330 con 6 jonrones, 38 producidas, 19 dobles, 52 anotadas y .408 de porcentaje de embasarse en 71 partidos.<\/p>\n<p>\u201cRub\u00e9n es un veterano con experiencia de Grandes Ligas que est\u00e1 en su mejor campa\u00f1a ofensiva en AAA y de regreso al mejor b\u00e9isbol del mundo\u201d, indic\u00f3 el gerente general escarlata, Jos\u00e9 G\u00f3mez Fr\u00edas.<\/p>\n<p>\u201cNos dar\u00e1 versatilidad con su s\u00f3lida defensa en todo el cuadro interior y esperamos que nos aporte con su potencial para embasarse en la parte alta de la alineaci\u00f3n\u201d, sigui\u00f3 diciendo.<\/p>\n<p>El paname\u00f1o de 29 a\u00f1os cuenta con nueve temporadas de experiencia en las Mayores con Cardenales de San Luis, Gigantes de San Francisco y los Orioles de Baltimore, adem\u00e1s de los Mets, donde jug\u00f3 las primeras seis campa\u00f1as de su carrera antes de volver este a\u00f1o a la organizaci\u00f3n.<\/p>\n<p>Con Tejada ahora el Escogido ha anunciado oficialmente a su segundo importado. La semana pasada G\u00f3mez Fr\u00edas confirm\u00f3 el retorno del relevista derecho Josh Lueke.<\/p>\n","protected":false},"excerpt":{"rendered":"<p>El paname\u00f1o ha retornado a las Grandes Ligas despu\u00e9s de un gran desempe\u00f1o en la AAA de los Mets de Nueva York.<\/p>\n","protected":false},"author":16,"featured_media":59622,"comment_status":"closed","ping_status":"closed","sticky":false,"template":"","format":"standard","meta":[],"categories":[2,60],"tags":[],"acf":[],"_links":{"self":[{"href":"https:\/\/colimdo.org\/wp-api\/wp\/v2\/posts\/59621"}],"collection":[{"href":"https:\/\/colimdo.org\/wp-api\/wp\/v2\/posts"}],"about":[{"href":"https:\/\/colimdo.org\/wp-api\/wp\/v2\/types\/post"}],"author":[{"embeddable":true,"href":"https:\/\/colimdo.org\/wp-api\/wp\/v2\/users\/16"}],"replies":[{"embeddable":true,"href":"https:\/\/colimdo.org\/wp-api\/wp\/v2\/comments?post=59621"}],"version-history":[{"count":1,"href":"https:\/\/colimdo.org\/wp-api\/wp\/v2\/posts\/59621\/revisions"}],"predecessor-version":[{"id":59623,"href":"https:\/\/colimdo.org\/wp-api\/wp\/v2\/posts\/59621\/revisions\/59623"}],"wp:featuredmedia":[{"embeddable":true,"href":"https:\/\/colimdo.org\/wp-api\/wp\/v2\/media\/59622"}],"wp:attachment":[{"href":"https:\/\/colimdo.org\/wp-api\/wp\/v2\/media?parent=59621"}],"wp:term":[{"taxonomy":"category","embeddable":true,"href":"https:\/\/colimdo.org\/wp-api\/wp\/v2\/categories?post=59621"},{"taxonomy":"post_tag","embeddable":true,"href":"https:\/\/colimdo.org\/wp-api\/wp\/v2\/tags?post=59621"}],"curies":[{"name":"wp","href":"https:\/\/api.w.org\/{rel}","templated":true}]}}