{"id":59641,"date":"2019-08-21T20:38:37","date_gmt":"2019-08-21T20:38:37","guid":{"rendered":"https:\/\/colimdo.org\/?p=59641"},"modified":"2019-08-21T20:39:50","modified_gmt":"2019-08-21T20:39:50","slug":"delegacion-rd-queda-instalada-juegos-parapanamericanos-lima-2019","status":"publish","type":"post","link":"https:\/\/colimdo.org\/noticias\/delegacion-rd-queda-instalada-juegos-parapanamericanos-lima-2019\/","title":{"rendered":"Delegaci\u00f3n RD queda instalada para Juegos Parapanamericanos Lima 2019"},"content":{"rendered":"<p>Lima Per\u00fa. Con la ceremonia de izamiento de la bandera, qued\u00f3 oficialmente instalada este mi\u00e9rcoles en la Villa Panamericana la Delegaci\u00f3n Dominicana que toma parte en los Juegos Parapanamericanos Lima 2019 con atletas especiales.<\/p>\n<p>Justo a las 10:45 de la ma\u00f1ana, hizo su entrada a la explanada de la zona internacional la delegaci\u00f3n quisqueyana, encabezada por el Presidente del Comit\u00e9 Paral\u00edmpico Dominicano (Copadom) Eladio Agramonte, Ram\u00f3n Brujan, jefe de misi\u00f3n y Bienvenido Zorrilla, secretario general.<\/p>\n<p>Luego del izamiento de la ense\u00f1a tricolor, el jefe de misi\u00f3n, Brujan, tuvo un intercambio de presentes con George Bautino, Alcalde de la Villa Panamericana.<\/p>\n<p>En el acto de izamiento de la Bandera Dominicana que ondear\u00e1 hasta el 2 de\u00a0 septiembre, fecha en que concluyen los juegos, tambi\u00e9n formaron parte de la delegaci\u00f3n Jos\u00e9 Amor\u00f3s, ministro consejero de la embajada de la Rep\u00fablica Dominicana en Per\u00fa, as\u00ed como Leonel Melo, encargado de negocios y Albalibis Pimentel Fournier, consejera de la embajada. La ceremonia concluy\u00f3 con una muestra de la historia cultural y la danza art\u00edstica de Per\u00fa.<\/p>\n<p>Los juegos Parapanamericanos Lima 2019 ser\u00e1n inaugurados formalmente este viernes 23 y participar\u00e1n deportista de 33 pa\u00edses de Am\u00e9rica que competir\u00e1n en 17 disciplinas deportivas. Los juegos servir\u00e1n de clasificaci\u00f3n para los juegos Paral\u00edmpicos de Tokio\u00a0 2020.<\/p>\n<p>La Rep\u00fablica Dominicana competir\u00e1 con 18 atletas que van a actuar en seis disciplinas deportivas.<\/p>\n<p>Agramonte garantiz\u00f3 varias medallas para el pa\u00eds por la buena preparaci\u00f3n que tuvieron los atletas para estas competencias que se celebran cada cuatro a\u00f1os.<\/p>\n<p>Los 18 atletas competir\u00e1n en atletismo, nataci\u00f3n, levantamiento de pesas, tenis de mesa, taekwondo y ciclismo. La comitiva la integrar\u00e1n 36 personas, entre atletas, oficiales, t\u00e9cnicos y delegados.<\/p>\n<p><strong>Realizan Asamblea del Comit\u00e9 Paral\u00edmpico de las Am\u00e9ricas<\/strong><\/p>\n<p>Este mi\u00e9rcoles se celebr\u00f3 la Asamblea del Comit\u00e9 Paral\u00edmpico de las Am\u00e9ricas donde estuvieron presentes todos los presidente de cada pa\u00eds del Paral\u00edmpico de las Am\u00e9ricas, donde se trataron varios temas importantes para una mejor organizaci\u00f3n internacional y sobre todo que los atletas especiales tengan mejores condiciones para entrenar y representar su pa\u00eds en cada competencia internacional. El pa\u00eds estuvo representada por Eladio Agramonte y Bienvenido Zorrilla, presidente y secretario general del Comit\u00e9 Paral\u00edmpico Dominicano.<\/p>\n<p>&nbsp;<\/p>\n<p>&nbsp;<\/p>\n","protected":false},"excerpt":{"rendered":"<p>Este mi\u00e9rcoles fue izada la Bandera Dominicana en la Villa Parapanamericana.<\/p>\n","protected":false},"author":16,"featured_media":59643,"comment_status":"closed","ping_status":"closed","sticky":false,"template":"","format":"standard","meta":[],"categories":[2,60],"tags":[],"acf":[],"_links":{"self":[{"href":"https:\/\/colimdo.org\/wp-api\/wp\/v2\/posts\/59641"}],"collection":[{"href":"https:\/\/colimdo.org\/wp-api\/wp\/v2\/posts"}],"about":[{"href":"https:\/\/colimdo.org\/wp-api\/wp\/v2\/types\/post"}],"author":[{"embeddable":true,"href":"https:\/\/colimdo.org\/wp-api\/wp\/v2\/users\/16"}],"replies":[{"embeddable":true,"href":"https:\/\/colimdo.org\/wp-api\/wp\/v2\/comments?post=59641"}],"version-history":[{"count":1,"href":"https:\/\/colimdo.org\/wp-api\/wp\/v2\/posts\/59641\/revisions"}],"predecessor-version":[{"id":59642,"href":"https:\/\/colimdo.org\/wp-api\/wp\/v2\/posts\/59641\/revisions\/59642"}],"wp:featuredmedia":[{"embeddable":true,"href":"https:\/\/colimdo.org\/wp-api\/wp\/v2\/media\/59643"}],"wp:attachment":[{"href":"https:\/\/colimdo.org\/wp-api\/wp\/v2\/media?parent=59641"}],"wp:term":[{"taxonomy":"category","embeddable":true,"href":"https:\/\/colimdo.org\/wp-api\/wp\/v2\/categories?post=59641"},{"taxonomy":"post_tag","embeddable":true,"href":"https:\/\/colimdo.org\/wp-api\/wp\/v2\/tags?post=59641"}],"curies":[{"name":"wp","href":"https:\/\/api.w.org\/{rel}","templated":true}]}}