{"id":59645,"date":"2019-08-21T21:24:15","date_gmt":"2019-08-21T21:24:15","guid":{"rendered":"https:\/\/colimdo.org\/?p=59645"},"modified":"2019-08-21T21:24:32","modified_gmt":"2019-08-21T21:24:32","slug":"dafne-sosa-alexander-tejada-clasifican-al-hop-continental-tenis-mesa","status":"publish","type":"post","link":"https:\/\/colimdo.org\/noticias\/dafne-sosa-alexander-tejada-clasifican-al-hop-continental-tenis-mesa\/","title":{"rendered":"Dafne Sosa y Alexander Tejada clasifican al Hop Continental Tenis Mesa"},"content":{"rendered":"<p><strong>SANTO DOMINGO<\/strong>. Los dominicanos Dafne Sosa y Alexander Tejada lograron sus respectivas clasificaciones al Hops Continental de Tenis de Mesa que tendr\u00e1 en octubre pr\u00f3ximo en Salinas, Puerto Rico.<\/p>\n<p>Sosa y Tejada lograron sus objetivos en el Campamento Hops que se llev\u00f3 a cabo en el Pabell\u00f3n de Tenis de Mesa del Parque del Este durante una semana previo al Campeonato del Caribe Pre-Cadetes\u00a0\u00a0sub-11 y sub-13\u00a0 que inici\u00f3 el mi\u00e9rcoles.<\/p>\n<p>Adem\u00e1s de Sosa y Tejada, tambi\u00e9n lograron sus respectivas clasificaciones Enrique R\u00edos, de Puerto Rico, y Fraser Chloe, de Trinidad &amp; Tobago.<\/p>\n<p>Dafne clasific\u00f3 en el primer lugar en la rama femenina, con un total de cuatro puntos, al disponer 3 sets por 1 de Danelys Cruz, de Puerto Rico, luego se impuso por 3-0 ante Chloe Fraser, de Trinidad &amp; Tobago.<\/p>\n<p>Alexander Tejada, en cambio, avanz\u00f3 como mejor segundo lugar en la rama masculino, con nueve puntos al derrotar 3-0 a Gabriel John de Trinidad y Tobago; 3-0 a Malachi Moore, de Guyana; 3-1 a Gari Wythe, de Jamaica, y 3-0 a Mikail Mark, de Barbados.<\/p>\n<p>El boricua Enrique R\u00edos gan\u00f3 sus cinco partidos para dominar con 10 puntos en masculino.<\/p>\n<p>El Campamento Hop se llev\u00f3 a cabo en el Pabell\u00f3n de Tenis de Mesa del Parque del Este con la participaci\u00f3n de infantes de la categor\u00eda U-11 bajo la direcci\u00f3n de la experta venezolana Luisana P\u00e9rez y un equipo de entrenadores.<\/p>\n<p><strong>Campeonato del Caribe por equipos<\/strong><\/p>\n<p>Por otro lado, en los primeros partidos de las competencias por equipo del Campeonato del Caribe Pre-Cadetes\u00a0\u00a0sub-11 y sub-13 de Tenis de Mesa, el seleccionado quisqueyano I venci\u00f3 3-1 a Jamaica I y 3-0 a Jamaica 2 en femenino sub-13.<\/p>\n<p>Puerto Rico I se impuso 3-0 ante Dominicana 2 y 3-0 ante Jamaica 2, mientras que en masculino, Dominicana I despach\u00f3 3-0 a Jamaica 2 y 3-0 a Guyana 2.<\/p>\n<p>Para este jueves, desde las 9:00 de la ma\u00f1ana, ser\u00e1n las competencias de grupo hasta arribar a las finales, mientras que la ceremonia de inauguraci\u00f3n est\u00e1 pautada para las 4:00 de la tarde.<\/p>\n<p>El campeonato, que se celebrar\u00e1 hasta el pr\u00f3ximo 26 de este mes,\u00a0\u00a0cuenta con el apoyo del Ministerio de Deportes, Comit\u00e9 Ol\u00edmpico Dominicano (COD), Claro, Peps, Direcci\u00f3n General de Impuestos Internos (DGII) y Creso.<\/p>\n","protected":false},"excerpt":{"rendered":"<p>El Hop Continental de Tenis de Mesa, en la categor\u00eda sub-11, tendr\u00e1 lugar en Salinas, Puerto Rico, del 8 al 13 de octubre pr\u00f3ximo.<\/p>\n","protected":false},"author":13,"featured_media":59646,"comment_status":"closed","ping_status":"closed","sticky":false,"template":"","format":"standard","meta":[],"categories":[2,60],"tags":[],"acf":[],"_links":{"self":[{"href":"https:\/\/colimdo.org\/wp-api\/wp\/v2\/posts\/59645"}],"collection":[{"href":"https:\/\/colimdo.org\/wp-api\/wp\/v2\/posts"}],"about":[{"href":"https:\/\/colimdo.org\/wp-api\/wp\/v2\/types\/post"}],"author":[{"embeddable":true,"href":"https:\/\/colimdo.org\/wp-api\/wp\/v2\/users\/13"}],"replies":[{"embeddable":true,"href":"https:\/\/colimdo.org\/wp-api\/wp\/v2\/comments?post=59645"}],"version-history":[{"count":1,"href":"https:\/\/colimdo.org\/wp-api\/wp\/v2\/posts\/59645\/revisions"}],"predecessor-version":[{"id":59647,"href":"https:\/\/colimdo.org\/wp-api\/wp\/v2\/posts\/59645\/revisions\/59647"}],"wp:featuredmedia":[{"embeddable":true,"href":"https:\/\/colimdo.org\/wp-api\/wp\/v2\/media\/59646"}],"wp:attachment":[{"href":"https:\/\/colimdo.org\/wp-api\/wp\/v2\/media?parent=59645"}],"wp:term":[{"taxonomy":"category","embeddable":true,"href":"https:\/\/colimdo.org\/wp-api\/wp\/v2\/categories?post=59645"},{"taxonomy":"post_tag","embeddable":true,"href":"https:\/\/colimdo.org\/wp-api\/wp\/v2\/tags?post=59645"}],"curies":[{"name":"wp","href":"https:\/\/api.w.org\/{rel}","templated":true}]}}