{"id":59669,"date":"2019-08-22T03:31:59","date_gmt":"2019-08-22T03:31:59","guid":{"rendered":"https:\/\/colimdo.org\/?p=59669"},"modified":"2019-08-22T03:31:59","modified_gmt":"2019-08-22T03:31:59","slug":"manuel-fortuna-encabezo-primera-practica-los-leones","status":"publish","type":"post","link":"https:\/\/colimdo.org\/noticias\/manuel-fortuna-encabezo-primera-practica-los-leones\/","title":{"rendered":"Manuel Fortuna encabez\u00f3 primera pr\u00e1ctica de los Leones"},"content":{"rendered":"<p>SANTO DOMINGO.- Liderados por su capit\u00e1n Manuel Fortuna, los Leones de Santo Domingo arrancaron con optimismo sus entrenamientos oficiales, con miras a la temporada 2019 de la Liga Nacional de Baloncesto (LNB) que comenzar\u00e1 el 4 de septiembre.<\/p>\n<p>\u201cEstamos aqu\u00ed desde el primer d\u00eda, ya que el objetivo es volver a pelear por la corona y por eso estamos trabajando duro. Daremos el todo por el todo para el equipo gane\u201d, expres\u00f3 Fortuna.<\/p>\n<p>El dirigente Jos\u00e9 P\u00e9rez llev\u00f3 la conducci\u00f3n de la pr\u00e1ctica en el Palacio de los Deportes Virgilio Travieso Soto, donde los rojos jugar\u00e1n sus juegos en casa este a\u00f1o. Estuvo acompa\u00f1ado por sus asistentes Julio Duquela y Yoel F\u00e9lix.<\/p>\n<p>\u201cLas expectativas son muy altas con este equipo que siempre est\u00e1 en la lucha, peleando en las finales. Aspiramos a retomar ese camino y tratar de lograr la tercera corona. Estamos trabajando desde hoy en base a eso\u201d, declar\u00f3 P\u00e9rez al finalizar la pr\u00e1ctica.<\/p>\n<p>Adem\u00e1s del capit\u00e1n Fortuna, se presentaron: Eddy Polanco, Oscar Cabrera, Erickson S\u00e1nchez, Yerry Flores, Diego Moquete, Jos\u00e9 Fortuna y Justin Satchell, miembros de la reserva nativa del conjunto capitalino.<\/p>\n<p>Como invitados estuvieron: Melvin Richardson, Deikel Encarnaci\u00f3n, Shamil Paulino, Ram\u00f3n Canario y Kelvin Rodr\u00edguez, elevando a 13 el total de jugadores en acci\u00f3n.<\/p>\n<p>Para los pr\u00f3ximos d\u00edas, los rojos recibir\u00e1n las integraciones de Giancarlo Acosta, Yohansi Minaya, Jos\u00e9 Corpor\u00e1n y Juan Guerrero, seg\u00fan inform\u00f3 el gerente de Operaciones, Rafael Faneyte, quien agreg\u00f3 que el conjunto estar\u00e1 entrenando este jueves y el viernes a las 12:00 del mediod\u00eda en el Club San L\u00e1zaro.<\/p>\n<p>&nbsp;<\/p>\n","protected":false},"excerpt":{"rendered":"<p>Liderados por su capit\u00e1n Manuel Fortuna, los Leones de Santo Domingo arrancaron con optimismo sus entrenamientos oficiales, con miras a la temporada 2019 de la Liga Nacional de Baloncesto (LNB) que comenzar\u00e1 el 4 de septiembre.<\/p>\n","protected":false},"author":19,"featured_media":59670,"comment_status":"closed","ping_status":"closed","sticky":false,"template":"","format":"standard","meta":[],"categories":[2,60],"tags":[],"acf":[],"_links":{"self":[{"href":"https:\/\/colimdo.org\/wp-api\/wp\/v2\/posts\/59669"}],"collection":[{"href":"https:\/\/colimdo.org\/wp-api\/wp\/v2\/posts"}],"about":[{"href":"https:\/\/colimdo.org\/wp-api\/wp\/v2\/types\/post"}],"author":[{"embeddable":true,"href":"https:\/\/colimdo.org\/wp-api\/wp\/v2\/users\/19"}],"replies":[{"embeddable":true,"href":"https:\/\/colimdo.org\/wp-api\/wp\/v2\/comments?post=59669"}],"version-history":[{"count":1,"href":"https:\/\/colimdo.org\/wp-api\/wp\/v2\/posts\/59669\/revisions"}],"predecessor-version":[{"id":59671,"href":"https:\/\/colimdo.org\/wp-api\/wp\/v2\/posts\/59669\/revisions\/59671"}],"wp:featuredmedia":[{"embeddable":true,"href":"https:\/\/colimdo.org\/wp-api\/wp\/v2\/media\/59670"}],"wp:attachment":[{"href":"https:\/\/colimdo.org\/wp-api\/wp\/v2\/media?parent=59669"}],"wp:term":[{"taxonomy":"category","embeddable":true,"href":"https:\/\/colimdo.org\/wp-api\/wp\/v2\/categories?post=59669"},{"taxonomy":"post_tag","embeddable":true,"href":"https:\/\/colimdo.org\/wp-api\/wp\/v2\/tags?post=59669"}],"curies":[{"name":"wp","href":"https:\/\/api.w.org\/{rel}","templated":true}]}}