{"id":59672,"date":"2019-08-22T03:35:01","date_gmt":"2019-08-22T03:35:01","guid":{"rendered":"https:\/\/colimdo.org\/?p=59672"},"modified":"2019-08-22T03:35:01","modified_gmt":"2019-08-22T03:35:01","slug":"lidom-continua-labores-conciliacion-aguilas-cibaenas","status":"publish","type":"post","link":"https:\/\/colimdo.org\/noticias\/lidom-continua-labores-conciliacion-aguilas-cibaenas\/","title":{"rendered":"Lidom contin\u00faa labores de conciliaci\u00f3n en \u00c1guilas Cibae\u00f1as"},"content":{"rendered":"<p>SANTO DOMINGO.- El presidente de la Liga de B\u00e9isbol Profesional de la Rep\u00fablica Dominicana (Lidom) continu\u00f3 con sus labores de mediaci\u00f3n en relaci\u00f3n con algunos conflictos surgidos entre directivos y accionistas de las \u00c1guilas Cibae\u00f1as y llev\u00f3 a cabo otra reuni\u00f3n de conciliaci\u00f3n, que se celebr\u00f3 en el sal\u00f3n de sesiones del Consejo de Directores de la franquicia cibae\u00f1a ubicado en el estadio Cibao.<\/p>\n<p>Durante ese encuentro, Vitelio Mej\u00eda fue asistido por la secretaria de la Junta de Directores de Lidom, Ana Judith Alma.<\/p>\n<p>En la reuni\u00f3n participaron representantes del Consejo de Directores y algunos accionistas de las \u00c1guilas involucrados en los diferendos.<\/p>\n<p>La misma se llev\u00f3 a cabo, como de costumbre, en un ambiente cordial y de respeto mutuo en que las partes fundamentaron sus distintas posiciones.<\/p>\n<p>La comisi\u00f3n de la Lidom, formada por su presidencia y la secretaria de su Junta de Directores, continuar\u00e1 trabajando con los accionistas y directivos de las \u00c1guilas en procura de soluciones definitivas a algunas de las controversias.<\/p>\n<p>En la reuni\u00f3n de este martes qued\u00f3 resuelto el conflicto que manten\u00edan las \u00c1guilas Cibae\u00f1as y \u00c1ngel Santana (Aroboy) y adem\u00e1s se lleg\u00f3 a acuerdos definitivos en relaci\u00f3n con algunas acciones judiciales incoadas por \u00c1guilas Cibae\u00f1as contra el se\u00f1or Juan B. S\u00e1nchez.<\/p>\n","protected":false},"excerpt":{"rendered":"<p>En la reuni\u00f3n participaron representantes del Consejo de Directores y algunos accionistas de las \u00c1guilas involucrados en los diferendos.<\/p>\n","protected":false},"author":19,"featured_media":59673,"comment_status":"closed","ping_status":"closed","sticky":false,"template":"","format":"standard","meta":[],"categories":[2,60],"tags":[],"acf":[],"_links":{"self":[{"href":"https:\/\/colimdo.org\/wp-api\/wp\/v2\/posts\/59672"}],"collection":[{"href":"https:\/\/colimdo.org\/wp-api\/wp\/v2\/posts"}],"about":[{"href":"https:\/\/colimdo.org\/wp-api\/wp\/v2\/types\/post"}],"author":[{"embeddable":true,"href":"https:\/\/colimdo.org\/wp-api\/wp\/v2\/users\/19"}],"replies":[{"embeddable":true,"href":"https:\/\/colimdo.org\/wp-api\/wp\/v2\/comments?post=59672"}],"version-history":[{"count":1,"href":"https:\/\/colimdo.org\/wp-api\/wp\/v2\/posts\/59672\/revisions"}],"predecessor-version":[{"id":59674,"href":"https:\/\/colimdo.org\/wp-api\/wp\/v2\/posts\/59672\/revisions\/59674"}],"wp:featuredmedia":[{"embeddable":true,"href":"https:\/\/colimdo.org\/wp-api\/wp\/v2\/media\/59673"}],"wp:attachment":[{"href":"https:\/\/colimdo.org\/wp-api\/wp\/v2\/media?parent=59672"}],"wp:term":[{"taxonomy":"category","embeddable":true,"href":"https:\/\/colimdo.org\/wp-api\/wp\/v2\/categories?post=59672"},{"taxonomy":"post_tag","embeddable":true,"href":"https:\/\/colimdo.org\/wp-api\/wp\/v2\/tags?post=59672"}],"curies":[{"name":"wp","href":"https:\/\/api.w.org\/{rel}","templated":true}]}}