{"id":59675,"date":"2019-08-22T03:37:31","date_gmt":"2019-08-22T03:37:31","guid":{"rendered":"https:\/\/colimdo.org\/?p=59675"},"modified":"2019-08-22T03:37:31","modified_gmt":"2019-08-22T03:37:31","slug":"rd-jugara-cinta-negra-memoria-sibilio-prats","status":"publish","type":"post","link":"https:\/\/colimdo.org\/noticias\/rd-jugara-cinta-negra-memoria-sibilio-prats\/","title":{"rendered":"RD jugar\u00e1 con cinta negra en memoria de Sibilio y Prats"},"content":{"rendered":"<p>MADRID, Espa\u00f1a.- Para el partido amistoso de este jueves contra Espa\u00f1a en el WiZink Center, Rep\u00fablica Dominicana jugar\u00e1 con una cinta negra en su camiseta, en memoria de los fallecidos recientemente Chicho Sibilio y Frank Prats.<\/p>\n<p>Incluso, la Federaci\u00f3n Espa\u00f1ola de Baloncesto tiene previsto rendir un tributo a Sibilio previo al inicio del encuentro, en el que se incluir\u00e1 un video con momentos del dominicano vistiendo el uniforme de la selecci\u00f3n espa\u00f1ola y de la ACB.<\/p>\n<p>Rafael Uribe, presidente de la Federaci\u00f3n Dominicana de Baloncesto (FEDOMBAL) fue quien dio la informaci\u00f3n, aprovechando la ocasi\u00f3n para una vez m\u00e1s resaltar el legado de dos jugadores que hicieron historia para el pa\u00eds.<\/p>\n<p>\u201cEl baloncesto dominicano ha perdido a dos grandes entre los grandes. Sibilio fue un ser humano que rompi\u00f3 fronteras al convertirse en un gran jugador en Espa\u00f1a, abriendo el camino a otros de los nuestros para poder desarrollarse internacionalmente\u201d, apunt\u00f3 Uribe.<\/p>\n<p>\u201cFranchy fue un referente de orientaci\u00f3n, un caballero que siempre vivi\u00f3 por nuestro baloncesto y un selecci\u00f3n nacional genuino. Ambos ser\u00e1n recordados por siempre\u201d, sigui\u00f3 diciendo.<\/p>\n<p>Rep\u00fablica Dominicana y Espa\u00f1a se medir\u00e1n a las 9:30 de la noche hora local, 3:30 de la tarde hora de Santo Domingo, en el \u00faltimo partido de fogueo de los caribe\u00f1os en Madrid antes de partir hacia China, donde jugar\u00e1n en el torneo amistoso Atlas Challenge previo a la Copa del Mundo FIBA 2019.<\/p>\n","protected":false},"excerpt":{"rendered":"<p>Para el partido amistoso de este jueves contra Espa\u00f1a en el WiZink Center, Rep\u00fablica Dominicana jugar\u00e1 con una cinta negra en su camiseta, en memoria de los fallecidos recientemente Chicho Sibilio y Frank Prats.<\/p>\n","protected":false},"author":19,"featured_media":59676,"comment_status":"closed","ping_status":"closed","sticky":false,"template":"","format":"standard","meta":[],"categories":[2,60],"tags":[],"acf":[],"_links":{"self":[{"href":"https:\/\/colimdo.org\/wp-api\/wp\/v2\/posts\/59675"}],"collection":[{"href":"https:\/\/colimdo.org\/wp-api\/wp\/v2\/posts"}],"about":[{"href":"https:\/\/colimdo.org\/wp-api\/wp\/v2\/types\/post"}],"author":[{"embeddable":true,"href":"https:\/\/colimdo.org\/wp-api\/wp\/v2\/users\/19"}],"replies":[{"embeddable":true,"href":"https:\/\/colimdo.org\/wp-api\/wp\/v2\/comments?post=59675"}],"version-history":[{"count":1,"href":"https:\/\/colimdo.org\/wp-api\/wp\/v2\/posts\/59675\/revisions"}],"predecessor-version":[{"id":59677,"href":"https:\/\/colimdo.org\/wp-api\/wp\/v2\/posts\/59675\/revisions\/59677"}],"wp:featuredmedia":[{"embeddable":true,"href":"https:\/\/colimdo.org\/wp-api\/wp\/v2\/media\/59676"}],"wp:attachment":[{"href":"https:\/\/colimdo.org\/wp-api\/wp\/v2\/media?parent=59675"}],"wp:term":[{"taxonomy":"category","embeddable":true,"href":"https:\/\/colimdo.org\/wp-api\/wp\/v2\/categories?post=59675"},{"taxonomy":"post_tag","embeddable":true,"href":"https:\/\/colimdo.org\/wp-api\/wp\/v2\/tags?post=59675"}],"curies":[{"name":"wp","href":"https:\/\/api.w.org\/{rel}","templated":true}]}}