{"id":59695,"date":"2019-08-22T18:24:11","date_gmt":"2019-08-22T18:24:11","guid":{"rendered":"https:\/\/colimdo.org\/?p=59695"},"modified":"2019-08-22T18:24:11","modified_gmt":"2019-08-22T18:24:11","slug":"brenda-castillo-recibio-alta-medica-iniciara-terapias-la-proxima-semana","status":"publish","type":"post","link":"https:\/\/colimdo.org\/noticias\/brenda-castillo-recibio-alta-medica-iniciara-terapias-la-proxima-semana\/","title":{"rendered":"Brenda Castillo recibi\u00f3 de alta medica; iniciar\u00e1 sus terapias la pr\u00f3xima semana"},"content":{"rendered":"<div>SANTO DOMINGO.- La estelar libero de la Selecci\u00f3n Nacional de Voleibol, Brenda Castillo, recibi\u00f3 este jueves la de alta m\u00e9dica en el Centro Medico UCE, tras salir exitosamente el pasado lunes de una operaci\u00f3n en su brazo izquierdo y a partir del pr\u00f3ximo mi\u00e9rcoles iniciar\u00e1 su rehabilitaci\u00f3n.<\/div>\n<div>La revelaci\u00f3n la hizo este jueves el doctor V\u00edctor Figueroa, medico fisiatra y superior del Proyecto de las Selecciones de Voleibol<\/div>\n<div>Indic\u00f3 que la rehabilitaci\u00f3n consistir\u00e1 en mantener el rango de movimiento de su brazo y codo izquierdo.<\/div>\n<div>&#8220;Ella ha cooperado muy bien, est\u00e1 de buen \u00e1nimo y ya est\u00e1 en su residencia descansando&#8221;, precis\u00f3 el doctor Figueroa, quien habl\u00f3 desde sus consultorios de la Unidad de Terapia Fisica &#8220;V\u00edctor Figueroa&#8221;.<\/div>\n<div>La estelar libero de la Selecci\u00f3n Nacional de Voleibol fue operada el pasado lunes con \u00e9xito en el Centro Medico de la UCE por un equipo de especialistas traumat\u00f3logos-ortopeda, encabezados por el doctor C\u00e9sar Augusto Roque.<\/div>\n<div>El doctor Roque\u00a0 dijo que la operaci\u00f3n dur\u00f3 dos horas y se le realiz\u00f3 un abordaje en la parte afectada en el brazo izquierdo donde se coloc\u00f3 una placa especial anat\u00f3mica de Titanium y tuvo un excelente cierre de piel.<\/div>\n<div>Brenda Castillo junto a su esposo sufri\u00f3 un accidente automovil\u00edstico en las terrena, Saman\u00e1 y se fractur\u00f3 el brazo izquierdo.<\/div>\n<div>&#8220;Tendremos a Brenda Castillo para mucho rato&#8221;, reafirm\u00f3 el doctor C\u00e9sar Augusto Roque, quien estuvo acompa\u00f1ado en la cirug\u00eda de los reputados galenos traumat\u00f3logos-ortopedas, C\u00e9sar Coradin, Rub\u00e9n Villasmin y Erickson Caraballo.<\/div>\n","protected":false},"excerpt":{"rendered":"<p>Castillo junto a su esposo sufri\u00f3 un accidente automovil\u00edstico en las terrena, Saman\u00e1 y se fractur\u00f3 el brazo izquierdo.<\/p>\n","protected":false},"author":16,"featured_media":59696,"comment_status":"closed","ping_status":"closed","sticky":false,"template":"","format":"standard","meta":[],"categories":[2,60],"tags":[],"acf":[],"_links":{"self":[{"href":"https:\/\/colimdo.org\/wp-api\/wp\/v2\/posts\/59695"}],"collection":[{"href":"https:\/\/colimdo.org\/wp-api\/wp\/v2\/posts"}],"about":[{"href":"https:\/\/colimdo.org\/wp-api\/wp\/v2\/types\/post"}],"author":[{"embeddable":true,"href":"https:\/\/colimdo.org\/wp-api\/wp\/v2\/users\/16"}],"replies":[{"embeddable":true,"href":"https:\/\/colimdo.org\/wp-api\/wp\/v2\/comments?post=59695"}],"version-history":[{"count":1,"href":"https:\/\/colimdo.org\/wp-api\/wp\/v2\/posts\/59695\/revisions"}],"predecessor-version":[{"id":59700,"href":"https:\/\/colimdo.org\/wp-api\/wp\/v2\/posts\/59695\/revisions\/59700"}],"wp:featuredmedia":[{"embeddable":true,"href":"https:\/\/colimdo.org\/wp-api\/wp\/v2\/media\/59696"}],"wp:attachment":[{"href":"https:\/\/colimdo.org\/wp-api\/wp\/v2\/media?parent=59695"}],"wp:term":[{"taxonomy":"category","embeddable":true,"href":"https:\/\/colimdo.org\/wp-api\/wp\/v2\/categories?post=59695"},{"taxonomy":"post_tag","embeddable":true,"href":"https:\/\/colimdo.org\/wp-api\/wp\/v2\/tags?post=59695"}],"curies":[{"name":"wp","href":"https:\/\/api.w.org\/{rel}","templated":true}]}}