{"id":59701,"date":"2019-08-22T19:08:03","date_gmt":"2019-08-22T19:08:03","guid":{"rendered":"https:\/\/colimdo.org\/?p=59701"},"modified":"2019-08-22T19:08:03","modified_gmt":"2019-08-22T19:08:03","slug":"fedoarcu-reconoce-xiomara-fortuna-dia-mundial-del-folklore","status":"publish","type":"post","link":"https:\/\/colimdo.org\/noticias\/fedoarcu-reconoce-xiomara-fortuna-dia-mundial-del-folklore\/","title":{"rendered":"Fedoarcu reconoce a Xiomara Fortuna en el D\u00eda Mundial del Folklore"},"content":{"rendered":"<p>SANTO DOMINGO. La destacada folklorista Xiomara Fortuna fue reconocida por sus 40 a\u00f1os de carrera art\u00edstica por la Federaci\u00f3n Dominicana de Arte y Cultura (Fedoarcu), con el galard\u00f3n de M\u00fasica Popular, \u00a0en el marco de la celebraci\u00f3n del D\u00eda Mundial del Folklore, la cual fue realizada en el Sal\u00f3n Wiche Garc\u00eda Saleta del Comit\u00e9 Ol\u00edmpico Dominicano (COD).<\/p>\n<p>\u201cLlegar desde Montecristi\u00a0 y recorrer este camino ha sido lo m\u00e1s maravilloso que me ha sucedido\u201d, dijo la llamada \u201cReina de las Fusiones\u201d, al recibir el reconocimiento de manos del presidente del presidente de la Federaci\u00f3n Dominicana de Arte y Cultura, Pedro Julio Quezada, quien estuvo acompa\u00f1ado del comit\u00e9 ejecutivo de esta organizaci\u00f3n federada.<\/p>\n<p>\u201cXiomara Fortuna ha sido un referente, comprometida siempre con\u00a0 la cultura dominicana, a trav\u00e9s de la fusi\u00f3n de los ritmos tradicionales, con las nuevas tendencias\u201d, expres\u00f3 Quezada sobre el aporte al arte y la cultura de la reconocida artista, quien agradeci\u00f3 a los que defini\u00f3 \u201chermanos y hermanas del folklore dominicano\u201d.<\/p>\n<p>En la actividad tambi\u00e9n fueron reconocidos en el rengl\u00f3n Cantor Popular, el m\u00fasico, cantor y compositor Alfredo Polonia, quien agradeci\u00f3 el empe\u00f1o puesto por la Fedoarcu para reconocer su labor en favor del arte, al recibir su placa de manos del presidente del Comit\u00e9 Ol\u00edmpico Dominicano, Luis Mej\u00eda Oviedo, en compa\u00f1\u00eda de Quezada y Dagoberto Tejada.<\/p>\n<p>En la categor\u00eda Icono del Carnaval Dominicano, fue distinguido Jos\u00e9 Guillermo Mieses \u2013Pepe; en Patrimonio Popular, fue galardonado Pablo N\u00fa\u00f1ez Padilla \u2013Espa\u00f1ol N\u00fa\u00f1ez-; en Fiesta Tradicional Patrimonial, fue premiada La Fiesta de la Virgen de la Dolorita, de la Comunidad Los Morenos de Villa Mella y el Teatro Popular Danzante obtuvo el reconocimiento en el rengl\u00f3n Grupo de Proyecci\u00f3n Floklorica.<\/p>\n<p>El primer vicepresidente del Comit\u00e9 Ol\u00edmpico Dominicano, Antonio Acosta, al dirigirse a los presentes en la sede del COD se\u00f1al\u00f3 la importancia de la cultura y el arte, junto al deporte para el desarrollo de la sociedad dominicana.<\/p>\n<p>\u201cNos llena de orgullo ver y celebrar hoy un d\u00eda tan especial para el arte y la cultura. Sigamos trabajando por el desarrollo del deporte, el arte y la cultura de la Rep\u00fablica Dominicana\u201d, concluy\u00f3 acosta.<\/p>\n","protected":false},"excerpt":{"rendered":"<p>La Reina de las Fusiones recibi\u00f3 el reconocimiento del arte y la cultura dominicana por su gran trayectoria y aporte a la cultura dominicana.<\/p>\n","protected":false},"author":16,"featured_media":59702,"comment_status":"closed","ping_status":"closed","sticky":false,"template":"","format":"standard","meta":[],"categories":[2,60],"tags":[],"acf":[],"_links":{"self":[{"href":"https:\/\/colimdo.org\/wp-api\/wp\/v2\/posts\/59701"}],"collection":[{"href":"https:\/\/colimdo.org\/wp-api\/wp\/v2\/posts"}],"about":[{"href":"https:\/\/colimdo.org\/wp-api\/wp\/v2\/types\/post"}],"author":[{"embeddable":true,"href":"https:\/\/colimdo.org\/wp-api\/wp\/v2\/users\/16"}],"replies":[{"embeddable":true,"href":"https:\/\/colimdo.org\/wp-api\/wp\/v2\/comments?post=59701"}],"version-history":[{"count":1,"href":"https:\/\/colimdo.org\/wp-api\/wp\/v2\/posts\/59701\/revisions"}],"predecessor-version":[{"id":59703,"href":"https:\/\/colimdo.org\/wp-api\/wp\/v2\/posts\/59701\/revisions\/59703"}],"wp:featuredmedia":[{"embeddable":true,"href":"https:\/\/colimdo.org\/wp-api\/wp\/v2\/media\/59702"}],"wp:attachment":[{"href":"https:\/\/colimdo.org\/wp-api\/wp\/v2\/media?parent=59701"}],"wp:term":[{"taxonomy":"category","embeddable":true,"href":"https:\/\/colimdo.org\/wp-api\/wp\/v2\/categories?post=59701"},{"taxonomy":"post_tag","embeddable":true,"href":"https:\/\/colimdo.org\/wp-api\/wp\/v2\/tags?post=59701"}],"curies":[{"name":"wp","href":"https:\/\/api.w.org\/{rel}","templated":true}]}}