{"id":59730,"date":"2019-08-23T05:24:07","date_gmt":"2019-08-23T05:24:07","guid":{"rendered":"https:\/\/colimdo.org\/?p=59730"},"modified":"2019-08-23T05:24:07","modified_gmt":"2019-08-23T05:24:07","slug":"rd-viajara-este-viernes-china-definira-equipo-cerca-del-inicio-del-mundial","status":"publish","type":"post","link":"https:\/\/colimdo.org\/noticias\/rd-viajara-este-viernes-china-definira-equipo-cerca-del-inicio-del-mundial\/","title":{"rendered":"RD viajar\u00e1 este viernes a China; definir\u00e1 equipo cerca del inicio del Mundial"},"content":{"rendered":"<p>EL NUEVO DIARIO, MADRID, ESPA\u00d1A.- El dirigente N\u00e9stor \u201cChe\u201d Garc\u00eda anunci\u00f3 este jueves que decidi\u00f3 viajar con 14 jugadores a China, alegando que todav\u00eda tiene decisiones muy dif\u00edciles que tomar.<\/p>\n<p>Dagoberto Pe\u00f1a, Rigoberto Mendoza, Jean Montero, V\u00edctor Liz, Sadiel Rojas, Juan Miguel Suero y Adris De Le\u00f3n har\u00e1n el viaje, al igual que Eloy Vargas, Eulis B\u00e1ez, Ronald Ram\u00f3n, Gelvis Solano, Ronald Roberts Jr., Juan Jos\u00e9 Garc\u00eda y Luis David Montero.<\/p>\n<p>\u201cLos vamos a seguir evaluando en China. Hay decisiones que est\u00e1n muy parejas y queremos ser justos. Es algo dif\u00edcil, ya que el tema de estar haciendo cortes es una situaci\u00f3n muy inc\u00f3moda, m\u00e1s cuando hay tantos jugadores tratando de ganarse un lugar\u201d, indic\u00f3 Garc\u00eda.<\/p>\n<p>El t\u00e9cnico resalt\u00f3 que este grupo ha hecho un proceso mundialista con un volumen de conocimiento e informaci\u00f3n, que resultan muy valiosas para cada uno.<\/p>\n<p>Al cuestionarle sobre las posiciones que est\u00e1n m\u00e1s complicadas para hacer los \u00faltimos dos cortes, el seleccionador declin\u00f3 responder.<\/p>\n<p>\u201cNo puedo responder porque no lo he hablado con ellos. S\u00e9 que ellos lo saben, pero primero tienen que escucharlo de mi boca antes de decirlo p\u00fablicamente\u201d, agreg\u00f3.<\/p>\n<p>El vuelo de los dominicanos hacia China saldr\u00e1 a las 12:50 de la tarde, hora de Madrid, a trav\u00e9s del Aeropuerto Adolfo Su\u00e1rez.<\/p>\n<p><strong>Homenaje a Sibilio<\/strong><\/p>\n<p>Previo al partido entre Rep\u00fablica Dominicana y Espa\u00f1a, fue realizado un tributo a Candido Antonio \u201cChicho\u201d Sibilio, leyenda dominicana que brill\u00f3 en el baloncesto espa\u00f1ol y que falleci\u00f3 recientemente.<\/p>\n<p>Jorge Garbajosa, presidente de la Federaci\u00f3n Espa\u00f1ola de Baloncesto, entreg\u00f3 una placa simb\u00f3lica al presidente de la Federaci\u00f3n Dominicana de Baloncesto (FEDOMBAL), Rafael Uribe y al embajador de la Rep\u00fablica Dominicana en Espa\u00f1a, Olivo Rodr\u00edguez Huerta.<\/p>\n<p>Luego de la entrega, se procedi\u00f3 a presentar un video en la pantalla gigante del WiZink Center con las mejores jugadas de Sibilio en la ACB.<\/p>\n<div class=\"wpcnt\"><\/div>\n","protected":false},"excerpt":{"rendered":"<p>El dirigente N\u00e9stor \u201cChe\u201d Garc\u00eda anunci\u00f3 este jueves que decidi\u00f3 viajar con 14 jugadores a China, alegando que todav\u00eda tiene decisiones muy dif\u00edciles que tomar.<\/p>\n","protected":false},"author":19,"featured_media":59731,"comment_status":"closed","ping_status":"closed","sticky":false,"template":"","format":"standard","meta":[],"categories":[2,60],"tags":[],"acf":[],"_links":{"self":[{"href":"https:\/\/colimdo.org\/wp-api\/wp\/v2\/posts\/59730"}],"collection":[{"href":"https:\/\/colimdo.org\/wp-api\/wp\/v2\/posts"}],"about":[{"href":"https:\/\/colimdo.org\/wp-api\/wp\/v2\/types\/post"}],"author":[{"embeddable":true,"href":"https:\/\/colimdo.org\/wp-api\/wp\/v2\/users\/19"}],"replies":[{"embeddable":true,"href":"https:\/\/colimdo.org\/wp-api\/wp\/v2\/comments?post=59730"}],"version-history":[{"count":1,"href":"https:\/\/colimdo.org\/wp-api\/wp\/v2\/posts\/59730\/revisions"}],"predecessor-version":[{"id":59732,"href":"https:\/\/colimdo.org\/wp-api\/wp\/v2\/posts\/59730\/revisions\/59732"}],"wp:featuredmedia":[{"embeddable":true,"href":"https:\/\/colimdo.org\/wp-api\/wp\/v2\/media\/59731"}],"wp:attachment":[{"href":"https:\/\/colimdo.org\/wp-api\/wp\/v2\/media?parent=59730"}],"wp:term":[{"taxonomy":"category","embeddable":true,"href":"https:\/\/colimdo.org\/wp-api\/wp\/v2\/categories?post=59730"},{"taxonomy":"post_tag","embeddable":true,"href":"https:\/\/colimdo.org\/wp-api\/wp\/v2\/tags?post=59730"}],"curies":[{"name":"wp","href":"https:\/\/api.w.org\/{rel}","templated":true}]}}