{"id":59746,"date":"2019-08-23T16:31:40","date_gmt":"2019-08-23T16:31:40","guid":{"rendered":"https:\/\/colimdo.org\/?p=59746"},"modified":"2019-08-23T16:31:40","modified_gmt":"2019-08-23T16:31:40","slug":"liga-la-farandula-reconoce-rafael-villalona-51-aniversario","status":"publish","type":"post","link":"https:\/\/colimdo.org\/noticias\/liga-la-farandula-reconoce-rafael-villalona-51-aniversario\/","title":{"rendered":"Liga de la Far\u00e1ndula reconoce a Rafael Villalona en 51 aniversario"},"content":{"rendered":"<p>SANTO DOMINGO.- La Liga de La Far\u00e1ndula, celebr\u00f3 su 51 aniversarios, con un reconocimiento al presentador de televisi\u00f3n Jochy Santos y el deportista e ingeniero Rafael Villalona.<\/p>\n<p>El discurso central estuvo a cargo de Nin\u00ed C\u00e1ffaro, afamado cantante, quien es presidente de la entidad, que re\u00fane a artistas, locutores y amigos.<\/p>\n<p>C\u00e1ffaro, resalt\u00f3 la dedicatoria del torneo de softbol a Villalona, ex presidente de la Liga de la Far\u00e1ndula, de la Federaci\u00f3n de Golf y miembro del comit\u00e9 ejecutivo del Comit\u00e9 Ol\u00edmpico Dominicano. Los reconocidos recibieron una placa por parte de C\u00e1ffaro.<\/p>\n<p>Villalona agradece<\/p>\n<p>Al recibir la placa Villalona agradeci\u00f3 a Dios \u201cpor permitirme celebrar con ustedes el 51 aniversario de nuestra prestigiosa Liga de la Far\u00e1ndula\u201d.<\/p>\n<p>Adem\u00e1s, destac\u00f3 la dedicatoria a Jochy y el gran trabajo que realiza C\u00e1ffaro en la liga.<\/p>\n<p>&nbsp;<\/p>\n","protected":false},"excerpt":{"rendered":"<p>El discurso central estuvo a cargo de Nin\u00ed C\u00e1ffaro, afamado cantante, quien es presidente de la entidad, que re\u00fane a artistas, locutores y amigos.<\/p>\n","protected":false},"author":16,"featured_media":59747,"comment_status":"closed","ping_status":"closed","sticky":false,"template":"","format":"standard","meta":[],"categories":[2,60],"tags":[],"acf":[],"_links":{"self":[{"href":"https:\/\/colimdo.org\/wp-api\/wp\/v2\/posts\/59746"}],"collection":[{"href":"https:\/\/colimdo.org\/wp-api\/wp\/v2\/posts"}],"about":[{"href":"https:\/\/colimdo.org\/wp-api\/wp\/v2\/types\/post"}],"author":[{"embeddable":true,"href":"https:\/\/colimdo.org\/wp-api\/wp\/v2\/users\/16"}],"replies":[{"embeddable":true,"href":"https:\/\/colimdo.org\/wp-api\/wp\/v2\/comments?post=59746"}],"version-history":[{"count":1,"href":"https:\/\/colimdo.org\/wp-api\/wp\/v2\/posts\/59746\/revisions"}],"predecessor-version":[{"id":59748,"href":"https:\/\/colimdo.org\/wp-api\/wp\/v2\/posts\/59746\/revisions\/59748"}],"wp:featuredmedia":[{"embeddable":true,"href":"https:\/\/colimdo.org\/wp-api\/wp\/v2\/media\/59747"}],"wp:attachment":[{"href":"https:\/\/colimdo.org\/wp-api\/wp\/v2\/media?parent=59746"}],"wp:term":[{"taxonomy":"category","embeddable":true,"href":"https:\/\/colimdo.org\/wp-api\/wp\/v2\/categories?post=59746"},{"taxonomy":"post_tag","embeddable":true,"href":"https:\/\/colimdo.org\/wp-api\/wp\/v2\/tags?post=59746"}],"curies":[{"name":"wp","href":"https:\/\/api.w.org\/{rel}","templated":true}]}}