{"id":59750,"date":"2019-08-23T17:12:50","date_gmt":"2019-08-23T17:12:50","guid":{"rendered":"https:\/\/colimdo.org\/?p=59750"},"modified":"2019-08-23T17:12:50","modified_gmt":"2019-08-23T17:12:50","slug":"luisito-pie-asume-campana-ayudar-ninos-bajos-recursos","status":"publish","type":"post","link":"https:\/\/colimdo.org\/noticias\/luisito-pie-asume-campana-ayudar-ninos-bajos-recursos\/","title":{"rendered":"Luisito Pie asume campa\u00f1a para ayudar a ni\u00f1os de bajos recursos"},"content":{"rendered":"<p><strong>SANTO DOMINGO, JORGE LUIS TORRES.-\u00a0<\/strong>El miembro de la selecci\u00f3n dominicana de Taekwondo, Luisito Pie, asumi\u00f3 una campa\u00f1a para ayudar a los ni\u00f1os de bajos recursos para entregarles \u00fatiles escolares en este regreso a clases. El ganador de la presea de bronce en los Juegos Ol\u00edmpicos de R\u00edo de Janiero 2016, dice sentirse orgulloso de poder contribuir con los m\u00e1s necesitados.<\/p>\n<p>&#8220;Ayudar para mi siempre ser\u00e1 un placer, estoy tratando de que esos j\u00f3venes puedan realizar sus estudios ya que a mi se me hizo muy dif\u00edcil poder hacerlo por mi condici\u00f3n econ\u00f3mica de aquel tiempo. Hasta el momento llevamos al rededor de 290 mochilas entregadas con sus mascotas, l\u00e1pices, sacapuntas y lapiceros&#8221;, dijo el oriundo de Bayaguana.<\/p>\n<p>El taewondista tom\u00f3 la iniciativa con su hermano (Bernardo Pie), a inicio de este a\u00f1o por todos los sacrificios que ambos tuvieron que vivir en su ni\u00f1ez.<\/p>\n<p>&#8220;Verdaderamente esto pas\u00f3 de la nada, un d\u00eda estaba pensando en mi casa y le dije a Bernardo t\u00fa pones la mitad y yo la mitad y entregamos m\u00e1s de 50 mochilas de nuestros recursos y ya hoy somos una realidad, rumbo a las 300 mochilas gracias a Dios&#8221;, a\u00f1adi\u00f3 Pie.<\/p>\n<p>Luisito buscar\u00e1 formalizar est\u00e1 actividad para que sea una tradici\u00f3n en los tiempos de regreso a clase y convertirse en una fundaci\u00f3n para que los diferentes sectores le\u00a0 puedan recaudar.<\/p>\n<p>&#8220;Ya estamos pensando en formalizar esto y volvernos una fundaci\u00f3n para que todo el que aporte est\u00e9 claro, quiero hacer esto siempre y aportarle en todo lo que pueda a m\u00ed pa\u00eds&#8221;, expres\u00f3 el ganador de la medalla de plata de los Juegos Centroamericanos de Barranquilla 2018, a los miembros del equipo de prensa del Comit\u00e9 Ol\u00edmpico Dominicano.<\/p>\n","protected":false},"excerpt":{"rendered":"<p>El taewondista tom\u00f3 la iniciativa con su hermano (Bernardo Pie), a inicio de este a\u00f1o por todos los sacrificios que ambos tuvieron que hacer en su ni\u00f1ez.\u00a0<\/p>\n","protected":false},"author":19,"featured_media":59752,"comment_status":"closed","ping_status":"closed","sticky":false,"template":"","format":"standard","meta":[],"categories":[2,60],"tags":[],"acf":[],"_links":{"self":[{"href":"https:\/\/colimdo.org\/wp-api\/wp\/v2\/posts\/59750"}],"collection":[{"href":"https:\/\/colimdo.org\/wp-api\/wp\/v2\/posts"}],"about":[{"href":"https:\/\/colimdo.org\/wp-api\/wp\/v2\/types\/post"}],"author":[{"embeddable":true,"href":"https:\/\/colimdo.org\/wp-api\/wp\/v2\/users\/19"}],"replies":[{"embeddable":true,"href":"https:\/\/colimdo.org\/wp-api\/wp\/v2\/comments?post=59750"}],"version-history":[{"count":1,"href":"https:\/\/colimdo.org\/wp-api\/wp\/v2\/posts\/59750\/revisions"}],"predecessor-version":[{"id":59753,"href":"https:\/\/colimdo.org\/wp-api\/wp\/v2\/posts\/59750\/revisions\/59753"}],"wp:featuredmedia":[{"embeddable":true,"href":"https:\/\/colimdo.org\/wp-api\/wp\/v2\/media\/59752"}],"wp:attachment":[{"href":"https:\/\/colimdo.org\/wp-api\/wp\/v2\/media?parent=59750"}],"wp:term":[{"taxonomy":"category","embeddable":true,"href":"https:\/\/colimdo.org\/wp-api\/wp\/v2\/categories?post=59750"},{"taxonomy":"post_tag","embeddable":true,"href":"https:\/\/colimdo.org\/wp-api\/wp\/v2\/tags?post=59750"}],"curies":[{"name":"wp","href":"https:\/\/api.w.org\/{rel}","templated":true}]}}