{"id":59788,"date":"2019-08-24T20:54:58","date_gmt":"2019-08-24T20:54:58","guid":{"rendered":"https:\/\/colimdo.org\/?p=59788"},"modified":"2019-08-24T20:54:58","modified_gmt":"2019-08-24T20:54:58","slug":"delegacion-rd-recibe-calida-acogida-ceremonia-inaugural-juegos-parapanamericanos","status":"publish","type":"post","link":"https:\/\/colimdo.org\/noticias\/delegacion-rd-recibe-calida-acogida-ceremonia-inaugural-juegos-parapanamericanos\/","title":{"rendered":"Delegaci\u00f3n de RD recibe c\u00e1lida acogida en ceremonia inaugural Juegos Parapanamericanos"},"content":{"rendered":"<p>SANTO DOMINGO.- La Rep\u00fablica Dominicana vuelve a decir presentes en Lima, luego de desfilar en la ceremonia de inauguraci\u00f3n de los Juegos Parapanamericanos llevada a cabo la noche de este viernes en el estadio Nacional.<\/p>\n<p>La representaci\u00f3n dominicana recibi\u00f3 un c\u00e1lido recibimiento durante el desfile y los 18 atletas quisqueyanos llevaron banderas dominicanas en manos.<\/p>\n<p>\u201cEstamos confiados de que nuestros atletas paral\u00edmpicos nos representar\u00e1n bien en Lima\u201d, dijo Luis Mej\u00eda, presidente del Comit\u00e9 Ol\u00edmpico Dominicano.<\/p>\n<p>El m\u00e1ximo l\u00edder del movimiento deportivo ol\u00edmpico de la Rep\u00fablica Dominicana inform\u00f3 que los atletas y sus acompa\u00f1antes \u201ctienen buen \u00e1nimo y est\u00e1n muy entusiasmados\u201d.<\/p>\n<p>Mej\u00eda ha estado en contacto con la delegaci\u00f3n, especialmente con Eladio Hern\u00e1ndez, quien encabeza la delegaci\u00f3n de deportistas paral\u00edmpicos que est\u00e1 en Lima. Hern\u00e1ndez es el presidente del Comit\u00e9 Paral\u00edmpico Dominicano.<\/p>\n<p>Ram\u00f3n Bruj\u00e1n es el Jefe de Misi\u00f3n y tiene tambi\u00e9n a Bienvenido Zorrilla como parte de la jefatura de la delegaci\u00f3n.<\/p>\n<p>La Rep\u00fablica Dominicana asiste a estos juegos con una delegaci\u00f3n de 36 personas, 18 de estas son atletas que participar\u00e1n en los eventos en las disciplina de atletismo, nataci\u00f3n, levantamiento de pesas, tenis de mesa, taekwondo y ciclismo.<\/p>\n<p>Los Juegos Parapanamericanos acogen a unos 1,890 atletas (1,247 son varones y 643 damas) que representan a 33 naciones del continente. Se estar\u00e1 compitiendo en 17 deportes y 18 disciplinas.<\/p>\n<p>Lima est\u00e1 preparada para acoger estas competencias en los mismos escenarios, 14 en total, en que se desarrollaron los Juegos Panamericanos que se estar\u00e1n desarrollando hasta el 2 de septiembre.<\/p>\n<p>En Lima, la delegaci\u00f3n dominicana es acompa\u00f1ada por Jos\u00e9 Amor\u00f3s, Ministro Consejero de la embajada Dominicana en Lima, as\u00ed como por Leonel Melo, encargado de negocios de la delegaci\u00f3n diplom\u00e1tica y Albilibis Pimentel Fournier, consejera de la embajada.<\/p>\n<p>Los Juegos Parapanamericanos de Lima servir\u00e1n para otorgar plazas para los Juegos Paral\u00edmpicos de Tokio 2020.<\/p>\n","protected":false},"excerpt":{"rendered":"<p>La representaci\u00f3n dominicana recibi\u00f3 un c\u00e1lido recibimiento durante el desfile y los 18 atletas quisqueyanos llevaron banderas dominicanas en manos.<\/p>\n","protected":false},"author":19,"featured_media":59789,"comment_status":"closed","ping_status":"closed","sticky":false,"template":"","format":"standard","meta":[],"categories":[2,60],"tags":[],"acf":[],"_links":{"self":[{"href":"https:\/\/colimdo.org\/wp-api\/wp\/v2\/posts\/59788"}],"collection":[{"href":"https:\/\/colimdo.org\/wp-api\/wp\/v2\/posts"}],"about":[{"href":"https:\/\/colimdo.org\/wp-api\/wp\/v2\/types\/post"}],"author":[{"embeddable":true,"href":"https:\/\/colimdo.org\/wp-api\/wp\/v2\/users\/19"}],"replies":[{"embeddable":true,"href":"https:\/\/colimdo.org\/wp-api\/wp\/v2\/comments?post=59788"}],"version-history":[{"count":1,"href":"https:\/\/colimdo.org\/wp-api\/wp\/v2\/posts\/59788\/revisions"}],"predecessor-version":[{"id":59790,"href":"https:\/\/colimdo.org\/wp-api\/wp\/v2\/posts\/59788\/revisions\/59790"}],"wp:featuredmedia":[{"embeddable":true,"href":"https:\/\/colimdo.org\/wp-api\/wp\/v2\/media\/59789"}],"wp:attachment":[{"href":"https:\/\/colimdo.org\/wp-api\/wp\/v2\/media?parent=59788"}],"wp:term":[{"taxonomy":"category","embeddable":true,"href":"https:\/\/colimdo.org\/wp-api\/wp\/v2\/categories?post=59788"},{"taxonomy":"post_tag","embeddable":true,"href":"https:\/\/colimdo.org\/wp-api\/wp\/v2\/tags?post=59788"}],"curies":[{"name":"wp","href":"https:\/\/api.w.org\/{rel}","templated":true}]}}