{"id":59805,"date":"2019-08-24T20:53:06","date_gmt":"2019-08-24T20:53:06","guid":{"rendered":"https:\/\/colimdo.org\/?p=59805"},"modified":"2019-08-24T21:39:03","modified_gmt":"2019-08-24T21:39:03","slug":"mariano-diaz-bombardero-condenado-al-ostracismo","status":"publish","type":"post","link":"https:\/\/colimdo.org\/noticias\/mariano-diaz-bombardero-condenado-al-ostracismo\/","title":{"rendered":"Mariano D\u00edaz, un bombardero condenado al ostracismo"},"content":{"rendered":"<p>Listin Diario.- Su ensordecedor \u00e9xito, hoy es un sacrilegio. Hace dos a\u00f1os irrumpi\u00f3 en La Liga el talentoso atacante Mariano D\u00edaz Mej\u00eda, quien llev\u00f3 su estruendo goleador a los primeros planos mundiales, cuando pudo mostrar de qui\u00e9n se trataba el protegido del reputado t\u00e9cnico Zinedine Zidane.<\/p>\n<p>El hispano-dominicano (su madre emigr\u00f3 de Rep\u00fablica Dominicana) consigui\u00f3 tanto ruido con su prodigioso talento goleador en las inferiores del Real Madrid, que su ex entrenador -tambi\u00e9n lo fue en el Castilla- lo aup\u00f3 \u201ca sangre y fuego\u201d en la tropa blanca cuando all\u00ed no creyeron que fuese cierta \u201ctanta belleza\u201d en un solo jugador.<\/p>\n<p>Pero el centro delantero le dio m\u00e1s que razones al gran \u201cZizou\u201d de que la apuesta no era puro invento del laureado ex mega estrella francesa, sino que un golazo desde fuera del \u00e1rea en partido preparatorio de la temporada (2016-17) contra el Chelsea en la \u201cInternational Champions Cup\u201d, dec\u00eda que no era hecho fortuito lo acontecido en a\u00f1os anteriores en el Real Madrid Castilla (Serie B).<\/p>\n<p>El nativo de La Premi\u00e1 de Mar, Barcelona llegaba con la impresionante producci\u00f3n de 2 goles cada 3 partidos (0.78 gol\/p). Pero la Casa Blanca no sab\u00eda qu\u00e9 hacer en un equipo que como el m\u00e1s caro, no le ten\u00eda cupo, y la \u00fanica soluci\u00f3n fue mandarlo \u201cprestado\u201d -por 8 millones de euros- al Olympique Lyonnais, donde el genio goleador confirm\u00f3 la sospecha de que no era \u201cuno m\u00e1s\u201d.<\/p>\n<p>A Mariano lo dejaron jugar como nunca pudo hacerlo con el equipo mayor blanco, y con la tropa francesa retumb\u00f3 en 21 ocasiones la porter\u00eda con sus infalibles zapatazos, adem\u00e1s de siete pases de gol, siendo puntal para que su equipo regresase a la Champions League luego de un a\u00f1o ausente. Sus 18 tantos en la Ligue 1 lo colocaron quinto en la tabla final de goleadores (promedi\u00f3 0.53 goles por partido).<\/p>\n<p>Real Madrid vio que se hab\u00eda equivocado en no dejarlo en la plantilla. Entonces, el curso pasado -ya sin el superbo Cristiano Ronaldo tras irse al Juventus de Tur\u00edn- reclamaron sin pensarlo dos veces a su naciente s\u00faper estrella goleadora haciendo uso del traspaso condicionado que hab\u00edan hecho al Lyonnais, para bloquear lo que parec\u00eda un traspaso de aquel club al Sevilla FC, para lo cual hizo un contra-pago de 22 MME.<\/p>\n<p>Pero otra vez, Mariano costea el alto precio de vestir la casaca m\u00e1s laureada del mundo.<\/p>\n<p>Mariano volvi\u00f3 a su club so\u00f1ado -aunque fuese s\u00f3lo jugador sustituto- y sus oportunidades fueron literalmente nulas: jug\u00f3 en 18 partidos, casi todos troceados, en los que apenas pudo anotar tres veces. En su temporada inicial (2016-17) lo hab\u00eda hecho mucho mejor: cinco goles en catorce encuentros que tuvo participaci\u00f3n, tambi\u00e9n muy limitada (siempre entraba de revulsivo).<\/p>\n<p>\u00bfY ahora, hacia d\u00f3nde?<\/p>\n<p>A Mariano le ha venido el techo encima en un Real Madrid que tiene dos equipos estelares en cada juego y otra parte fuera de plantilla tan buena como la del banquillo. Hasta la fecha de este art\u00edculo Zidane lo hab\u00eda marginado de cada convocatoria desde la pretemporada por problemas de salud.<\/p>\n<p>Hasta prueba en contrario, sigue siendo el gran protegido del t\u00e9cnico que le vio nacer como s\u00faper estrella goleadora en RM Castilla. Pero la realidad puede m\u00e1s que la percepci\u00f3n: en el Paseo de la Castellana hay demasiados Boeing 747, que indefectiblemente lo har\u00e1n volar a otros confines. Ahora all\u00ed est\u00e1n Eden Hazard, Karim Benzema, Gareth Bale, Lucas V\u00e1squez, Marco Asensio, Brahim D\u00edaz, Vinicius Junior, Luka Jovic y Borja Mayoral, que presionan el vuelo de Mariano del Santiago Bernab\u00e9u.<\/p>\n<p>Zidane, consciente del tumulto ofensivo que se le ha armado, hoy se ve con un problema \u201cagradable\u201d sin saber c\u00f3mo lo resolver\u00e1 con la distracci\u00f3n de Mariano.<\/p>\n","protected":false},"excerpt":{"rendered":"<p>Listin Diario.- Su ensordecedor \u00e9xito, hoy es un sacrilegio. Hace dos a\u00f1os irrumpi\u00f3 en La Liga el talentoso atacante Mariano D\u00edaz Mej\u00eda, quien llev\u00f3 su estruendo goleador a los primeros planos mundiales, cuando pudo mostrar de qui\u00e9n se trataba el protegido del reputado t\u00e9cnico Zinedine Zidane. El hispano-dominicano (su madre emigr\u00f3 de Rep\u00fablica Dominicana) consigui\u00f3 [&hellip;]<\/p>\n","protected":false},"author":19,"featured_media":59806,"comment_status":"closed","ping_status":"closed","sticky":false,"template":"","format":"standard","meta":[],"categories":[2,60],"tags":[],"acf":[],"_links":{"self":[{"href":"https:\/\/colimdo.org\/wp-api\/wp\/v2\/posts\/59805"}],"collection":[{"href":"https:\/\/colimdo.org\/wp-api\/wp\/v2\/posts"}],"about":[{"href":"https:\/\/colimdo.org\/wp-api\/wp\/v2\/types\/post"}],"author":[{"embeddable":true,"href":"https:\/\/colimdo.org\/wp-api\/wp\/v2\/users\/19"}],"replies":[{"embeddable":true,"href":"https:\/\/colimdo.org\/wp-api\/wp\/v2\/comments?post=59805"}],"version-history":[{"count":1,"href":"https:\/\/colimdo.org\/wp-api\/wp\/v2\/posts\/59805\/revisions"}],"predecessor-version":[{"id":59807,"href":"https:\/\/colimdo.org\/wp-api\/wp\/v2\/posts\/59805\/revisions\/59807"}],"wp:featuredmedia":[{"embeddable":true,"href":"https:\/\/colimdo.org\/wp-api\/wp\/v2\/media\/59806"}],"wp:attachment":[{"href":"https:\/\/colimdo.org\/wp-api\/wp\/v2\/media?parent=59805"}],"wp:term":[{"taxonomy":"category","embeddable":true,"href":"https:\/\/colimdo.org\/wp-api\/wp\/v2\/categories?post=59805"},{"taxonomy":"post_tag","embeddable":true,"href":"https:\/\/colimdo.org\/wp-api\/wp\/v2\/tags?post=59805"}],"curies":[{"name":"wp","href":"https:\/\/api.w.org\/{rel}","templated":true}]}}