{"id":59866,"date":"2019-08-26T17:16:55","date_gmt":"2019-08-26T17:16:55","guid":{"rendered":"https:\/\/colimdo.org\/?p=59866"},"modified":"2019-08-26T17:17:31","modified_gmt":"2019-08-26T17:17:31","slug":"golfista-juan-jose-guerra-sanoja-da-salto-profesional","status":"publish","type":"post","link":"https:\/\/colimdo.org\/noticias\/golfista-juan-jose-guerra-sanoja-da-salto-profesional\/","title":{"rendered":"Golfista Juan Jos\u00e9 Guerra Sanoja da el salto a profesional"},"content":{"rendered":"<p><strong>SANTO\u00a0 DOMINGO<\/strong>.- El golfista dominicano Juan Jos\u00e9 Guerra Sanoja se declar\u00f3 este lunes como profesional de ese deporte lo que le permitir\u00e1 abrirse una carrera en los grandes eventos de ese deporte.<\/p>\n<p>Guerra Sanoja hizo el anuncio la ma\u00f1ana de este lunes, en un encuentro con la prensa, donde estuvo acompa\u00f1ado de su padre Robert Guerra, as\u00ed como de Carlos Elm\u00fadesi, presidente de la Federaci\u00f3n Dominicana de Golf y Rafael Villalona, pasado presidente de esa entidad y miembro del Comit\u00e9 ejecutivo del Comit\u00e9 Ol\u00edmpico Dominicano.<\/p>\n<p>Su pase al profesionalismo adem\u00e1s impulsar\u00e1\u00a0 a que Guerra Sanoja participe en los eventos del Ciclo Ol\u00edmpico, teniendo como objetivo los Juegos Ol\u00edmpicos de Paris 2024.<\/p>\n<p>\u201cEstoy muy agradecido de todos los que me han apoyado, en especial mis padres, patrocinadores, CRESO, Fedogolf\u201d, declar\u00f3 el golfista de 22 a\u00f1os.<\/p>\n<p>Record\u00f3 que comenz\u00f3 a acariciar el sue\u00f1o de ser profesional desde que ten\u00eda 17 a\u00f1os. \u201cSab\u00eda que para lograr ese objetivo ten\u00eda que trabajar duro y por eso decid\u00ed irme a estudiar a una universidad en La Florida (Nova South Eastern University) donde me abrieron las puertas para seguir desarroll\u00e1ndome\u201d, expres\u00f3 el joven golfista dominicano que en esta etapa tiene el patrocinio de Casa de Campo, Creando Sue\u00f1os Ol\u00edmpicos (CRESO), TaylorMade, Kah Kow, Swisher Dominicana y la Federaci\u00f3n Dominicana de Golf.<\/p>\n<p>En el encuentro con la prensa tambi\u00e9n habl\u00f3 Carlos Elm\u00fadesi, en su condici\u00f3n de presidente de la Fedogolf, quien calific\u00f3 a Guerra Sanoja como un jugador \u201cmuy dedicado y ejemplo\u201d para los golfistas dominicanos.<\/p>\n<p>De su lado, Rafael Villalona, en nombre del COD, sostuvo que \u201ces un orgullo que nuestros atletas den el salto al profesionalismo\u201d, destacando el \u00e9xito que ha logrado Guerra Sanoja en su carrera como golfista.<\/p>\n<p>En tanto que Robert Guerra, de la Fedogolf y padre de Guerra Sanoja, habl\u00f3 de los a\u00f1os que han discurridos desde que su v\u00e1stago se inici\u00f3 en este deporte. \u201cComenz\u00f3 a jugar golf desde los dos a\u00f1os y medio y a los seis estuvo en su primer evento\u201d.<\/p>\n<p>A corto plazo, Guerra Sanoja estar\u00e1 en septiembre pr\u00f3ximo en el clasificatorio del Korn ferry Tour y m\u00e1s luego, en enero, en el clasificatorio del PGA Latinoam\u00e9rica y luego en el clasificatorio del PGA Tour de Canad\u00e1.<\/p>\n<p>\u201cEstoy confiado en el \u00e9xito de la carrera de \u00e9l (Guerra Sanoja) porque tiene buena base y pasi\u00f3n por el juego (de golf)\u201d.<br \/>\nTan reciente como el pasado fin de semana, Guerra Sanoja se estren\u00f3 como profesional en el Tour Canita, concluyendo en el segundo lugar.<\/p>\n","protected":false},"excerpt":{"rendered":"<p>La decisi\u00f3n del dominicano le permitir\u00e1 abrirse una carrera en los grandes eventos de ese deporte.<\/p>\n","protected":false},"author":13,"featured_media":59867,"comment_status":"closed","ping_status":"closed","sticky":false,"template":"","format":"standard","meta":[],"categories":[2,60],"tags":[],"acf":[],"_links":{"self":[{"href":"https:\/\/colimdo.org\/wp-api\/wp\/v2\/posts\/59866"}],"collection":[{"href":"https:\/\/colimdo.org\/wp-api\/wp\/v2\/posts"}],"about":[{"href":"https:\/\/colimdo.org\/wp-api\/wp\/v2\/types\/post"}],"author":[{"embeddable":true,"href":"https:\/\/colimdo.org\/wp-api\/wp\/v2\/users\/13"}],"replies":[{"embeddable":true,"href":"https:\/\/colimdo.org\/wp-api\/wp\/v2\/comments?post=59866"}],"version-history":[{"count":1,"href":"https:\/\/colimdo.org\/wp-api\/wp\/v2\/posts\/59866\/revisions"}],"predecessor-version":[{"id":59868,"href":"https:\/\/colimdo.org\/wp-api\/wp\/v2\/posts\/59866\/revisions\/59868"}],"wp:featuredmedia":[{"embeddable":true,"href":"https:\/\/colimdo.org\/wp-api\/wp\/v2\/media\/59867"}],"wp:attachment":[{"href":"https:\/\/colimdo.org\/wp-api\/wp\/v2\/media?parent=59866"}],"wp:term":[{"taxonomy":"category","embeddable":true,"href":"https:\/\/colimdo.org\/wp-api\/wp\/v2\/categories?post=59866"},{"taxonomy":"post_tag","embeddable":true,"href":"https:\/\/colimdo.org\/wp-api\/wp\/v2\/tags?post=59866"}],"curies":[{"name":"wp","href":"https:\/\/api.w.org\/{rel}","templated":true}]}}