{"id":59906,"date":"2019-08-27T03:51:34","date_gmt":"2019-08-27T03:51:34","guid":{"rendered":"https:\/\/colimdo.org\/?p=59906"},"modified":"2019-08-27T03:51:34","modified_gmt":"2019-08-27T03:51:34","slug":"mangu-valera-se-enfrentara-shabranskyy-14-septiembre-las-vegas","status":"publish","type":"post","link":"https:\/\/colimdo.org\/noticias\/mangu-valera-se-enfrentara-shabranskyy-14-septiembre-las-vegas\/","title":{"rendered":"Mang\u00fa Valera se enfrentar\u00e1 a shabranskyy el 14 de septiembre en las vegas"},"content":{"rendered":"<p>SANTO DOMINGO. -El cotizado boxeador dominicano F\u00e9lix \u201cMang\u00fa\u201d Valera, excampe\u00f3n mundial del peso semi pesados (175 libras), tendr\u00e1 un importante compromiso el pr\u00f3ximo 14 de septiembre en la ciudad de Las Vegas, Nevada, ante el ucraniano Vyancheslav Shabranskyy.<\/p>\n<p>El combate de Valera tendr\u00e1 como escenario la arena T-Mobile de las Vegas, Nevada y ser\u00e1 la antesala al combate entre Tyson Fury Vs Otto Wallin.<\/p>\n<p>La velada donde accionara el p\u00fagil dominicano se enmarca dentro de la celebraci\u00f3n de la independencia mexicana, por lo que es considerada como uno de los eventos de boxeo m\u00e1s importantes del a\u00f1o.<\/p>\n<p>B\u00e9lgica Pe\u00f1a resalto la importancia que tiene para Valera la fecha y el escenario de la pelea debido a que lo pondr\u00e1 ante los ojos del mundo.<\/p>\n<p>\u201cLa pelea del pr\u00f3ximo d\u00eda 14 de septiembre tiene una importancia vital para Valera y el boxeo dominicano debido a la gran exposici\u00f3n, definitiva ese d\u00eda estaremos ante los ojos del mundo, preciso la manejadora.<\/p>\n<p>Valera, pertenece a la empresa Top Rank, tiene record profesional de 18 victorias en contra de solo dos derrotas. En su m\u00e1s reciente combate derrot\u00f3 por la v\u00eda del nocaut al mexicano Mario Aguilar en una pelea que fue celebrada el pasado 4 de mayo en Stockton, California.<\/p>\n<p>Mientras que Shabranskyy tiene una foja de 20 victorias en contra de dos derrotas estas de Sergey Kovalev y Sullivan Barrera.<\/p>\n","protected":false},"excerpt":{"rendered":"<p>El combate de Valera tendr\u00e1 como escenario la arena T-Mobile de las Vegas, Nevada y ser\u00e1 la antesala al combate entre Tyson Fury Vs Otto Wallin.<\/p>\n","protected":false},"author":16,"featured_media":59907,"comment_status":"closed","ping_status":"closed","sticky":false,"template":"","format":"standard","meta":[],"categories":[2,60],"tags":[],"acf":[],"_links":{"self":[{"href":"https:\/\/colimdo.org\/wp-api\/wp\/v2\/posts\/59906"}],"collection":[{"href":"https:\/\/colimdo.org\/wp-api\/wp\/v2\/posts"}],"about":[{"href":"https:\/\/colimdo.org\/wp-api\/wp\/v2\/types\/post"}],"author":[{"embeddable":true,"href":"https:\/\/colimdo.org\/wp-api\/wp\/v2\/users\/16"}],"replies":[{"embeddable":true,"href":"https:\/\/colimdo.org\/wp-api\/wp\/v2\/comments?post=59906"}],"version-history":[{"count":1,"href":"https:\/\/colimdo.org\/wp-api\/wp\/v2\/posts\/59906\/revisions"}],"predecessor-version":[{"id":59908,"href":"https:\/\/colimdo.org\/wp-api\/wp\/v2\/posts\/59906\/revisions\/59908"}],"wp:featuredmedia":[{"embeddable":true,"href":"https:\/\/colimdo.org\/wp-api\/wp\/v2\/media\/59907"}],"wp:attachment":[{"href":"https:\/\/colimdo.org\/wp-api\/wp\/v2\/media?parent=59906"}],"wp:term":[{"taxonomy":"category","embeddable":true,"href":"https:\/\/colimdo.org\/wp-api\/wp\/v2\/categories?post=59906"},{"taxonomy":"post_tag","embeddable":true,"href":"https:\/\/colimdo.org\/wp-api\/wp\/v2\/tags?post=59906"}],"curies":[{"name":"wp","href":"https:\/\/api.w.org\/{rel}","templated":true}]}}