{"id":59918,"date":"2019-08-28T04:01:12","date_gmt":"2019-08-28T04:01:12","guid":{"rendered":"https:\/\/colimdo.org\/?p=59918"},"modified":"2019-08-28T04:02:22","modified_gmt":"2019-08-28T04:02:22","slug":"alejandra-aybar-gana-plata-natacion-parapanamericanos-lima","status":"publish","type":"post","link":"https:\/\/colimdo.org\/noticias\/alejandra-aybar-gana-plata-natacion-parapanamericanos-lima\/","title":{"rendered":"Alejandra Aybar gana plata en nataci\u00f3n ParaPanamericanos Lima"},"content":{"rendered":"<p><strong>Lima<\/strong>.- La dominicana Alejandra Aybar conquist\u00f3 este martes medalla de plata en los 100 metros pecho SB6, del campeonato de nataci\u00f3n de los Juegos Parapanamericanos que tienen lugar aqu\u00ed.<\/p>\n<p>Esta es la segunda medalla de plata que logra Rep\u00fablica Dominicana en este evento. Adem\u00e1s tiene una de bronce sumando tres en total, registrando su mejor presentaci\u00f3n en este tipo de evento.<\/p>\n<p>En los Parapanamericanos de 2011 celebrados en Guadalajara, M\u00e9xico, el pa\u00eds obtuvo dos medallas, incluyendo una de plata y una de bronce.<\/p>\n<p>Aybar hizo el recorrido en un tiempo de 2.06.56 minutos para quedarse con el segundo lugar del evento que tiene lugar en el Centro Acu\u00e1tico de Lima.<\/p>\n<p>La medalla de oro fue para la mexicana Nesbith V\u00e1zquez, quien tuvo un crono de 2:05.36 y la presea de bronce correspondiente al tercer lugar fue para la estadounidense Abigail Nardella.<\/p>\n","protected":false},"excerpt":{"rendered":"<p>La dominicana ocup\u00f3 el segundo lugar en la modalidad 100 metros pecho SB6 en las competencias de nataci\u00f3n este martes de los ParaPanamericanos.<\/p>\n","protected":false},"author":13,"featured_media":59952,"comment_status":"closed","ping_status":"closed","sticky":false,"template":"","format":"standard","meta":[],"categories":[2,60],"tags":[],"acf":[],"_links":{"self":[{"href":"https:\/\/colimdo.org\/wp-api\/wp\/v2\/posts\/59918"}],"collection":[{"href":"https:\/\/colimdo.org\/wp-api\/wp\/v2\/posts"}],"about":[{"href":"https:\/\/colimdo.org\/wp-api\/wp\/v2\/types\/post"}],"author":[{"embeddable":true,"href":"https:\/\/colimdo.org\/wp-api\/wp\/v2\/users\/13"}],"replies":[{"embeddable":true,"href":"https:\/\/colimdo.org\/wp-api\/wp\/v2\/comments?post=59918"}],"version-history":[{"count":1,"href":"https:\/\/colimdo.org\/wp-api\/wp\/v2\/posts\/59918\/revisions"}],"predecessor-version":[{"id":59920,"href":"https:\/\/colimdo.org\/wp-api\/wp\/v2\/posts\/59918\/revisions\/59920"}],"wp:featuredmedia":[{"embeddable":true,"href":"https:\/\/colimdo.org\/wp-api\/wp\/v2\/media\/59952"}],"wp:attachment":[{"href":"https:\/\/colimdo.org\/wp-api\/wp\/v2\/media?parent=59918"}],"wp:term":[{"taxonomy":"category","embeddable":true,"href":"https:\/\/colimdo.org\/wp-api\/wp\/v2\/categories?post=59918"},{"taxonomy":"post_tag","embeddable":true,"href":"https:\/\/colimdo.org\/wp-api\/wp\/v2\/tags?post=59918"}],"curies":[{"name":"wp","href":"https:\/\/api.w.org\/{rel}","templated":true}]}}