{"id":59921,"date":"2019-08-27T17:30:51","date_gmt":"2019-08-27T17:30:51","guid":{"rendered":"https:\/\/colimdo.org\/?p=59921"},"modified":"2019-08-27T18:41:09","modified_gmt":"2019-08-27T18:41:09","slug":"mujer-deportes-del-cod-tendra-almuerzo-mujeres-lideres","status":"publish","type":"post","link":"https:\/\/colimdo.org\/noticias\/mujer-deportes-del-cod-tendra-almuerzo-mujeres-lideres\/","title":{"rendered":"Mujer y Deportes del COD tendr\u00e1 almuerzo con mujeres l\u00edderes"},"content":{"rendered":"<p>SANTO DOMINGO.- La Comisi\u00f3n Mujer y Deportes del Comit\u00e9 Ol\u00edmpico Dominicano (COD) celebrar\u00e1 este mi\u00e9rcoles, 28 de agosto, un almuerzo con mujeres l\u00edderes de la sociedad, especialmente del sector deportes.<\/p>\n<p><span style=\"font-style: inherit; font-weight: inherit;\">Durante el almuerzo que ser\u00e1 a las 11:00 de la ma\u00f1ana en el sal\u00f3n de asambleas del COD, Luis Mej\u00eda Oviedo desarrollar\u00e1 una charla titulada \u201cEntorno de la Mujer en el sector Deporte\u201d.<\/span><\/p>\n<p><span style=\"font-style: inherit; font-weight: inherit;\">Durante esta conferencia de Mej\u00eda Oviedo, quien tambi\u00e9n es miembro de la Comisi\u00f3n Mujer y Deportes del Comit\u00e9 Ol\u00edmpico Internacional, har\u00e1 un an\u00e1lisis sobre las fortalezas, oportunidades, debilidades y amenazas de la mujer en el deporte.<\/span><\/p>\n<p><span style=\"font-style: inherit; font-weight: inherit;\">A este encuentro han sido invitadas una amplia representaci\u00f3n de mujeres l\u00edderes y capaces con el objetivo de lograr conjuntamente soluciones a la problem\u00e1tica de la poca representaci\u00f3n de la mujer en puesto de mando dentro de las entidades deportivas del pa\u00eds.<\/span><\/p>\n<p><span style=\"font-style: inherit; font-weight: inherit;\">Este encuentro forma parte de una serie de encuentros que se realizan con sectores vinculados al deporte.<\/span><\/p>\n<p><span style=\"font-style: inherit; font-weight: inherit;\">El COD ha celebrado almuerzos con el sector empresarial, la c\u00fapula militar y veteranos dirigentes ol\u00edmpicos.<\/span><\/p>\n","protected":false},"excerpt":{"rendered":"<p>El encuentro ser\u00e1 este mi\u00e9rcoles a las 11:00 de la ma\u00f1ana en el sal\u00f3n de asambleas del COD.<\/p>\n","protected":false},"author":13,"featured_media":59922,"comment_status":"closed","ping_status":"closed","sticky":false,"template":"","format":"standard","meta":[],"categories":[2,60],"tags":[],"acf":[],"_links":{"self":[{"href":"https:\/\/colimdo.org\/wp-api\/wp\/v2\/posts\/59921"}],"collection":[{"href":"https:\/\/colimdo.org\/wp-api\/wp\/v2\/posts"}],"about":[{"href":"https:\/\/colimdo.org\/wp-api\/wp\/v2\/types\/post"}],"author":[{"embeddable":true,"href":"https:\/\/colimdo.org\/wp-api\/wp\/v2\/users\/13"}],"replies":[{"embeddable":true,"href":"https:\/\/colimdo.org\/wp-api\/wp\/v2\/comments?post=59921"}],"version-history":[{"count":1,"href":"https:\/\/colimdo.org\/wp-api\/wp\/v2\/posts\/59921\/revisions"}],"predecessor-version":[{"id":59923,"href":"https:\/\/colimdo.org\/wp-api\/wp\/v2\/posts\/59921\/revisions\/59923"}],"wp:featuredmedia":[{"embeddable":true,"href":"https:\/\/colimdo.org\/wp-api\/wp\/v2\/media\/59922"}],"wp:attachment":[{"href":"https:\/\/colimdo.org\/wp-api\/wp\/v2\/media?parent=59921"}],"wp:term":[{"taxonomy":"category","embeddable":true,"href":"https:\/\/colimdo.org\/wp-api\/wp\/v2\/categories?post=59921"},{"taxonomy":"post_tag","embeddable":true,"href":"https:\/\/colimdo.org\/wp-api\/wp\/v2\/tags?post=59921"}],"curies":[{"name":"wp","href":"https:\/\/api.w.org\/{rel}","templated":true}]}}