{"id":59924,"date":"2019-08-27T17:10:35","date_gmt":"2019-08-27T17:10:35","guid":{"rendered":"https:\/\/colimdo.org\/?p=59924"},"modified":"2019-08-27T17:22:53","modified_gmt":"2019-08-27T17:22:53","slug":"roger-federer-logra-la-clasificacion-las-finales-la-atp","status":"publish","type":"post","link":"https:\/\/colimdo.org\/noticias\/roger-federer-logra-la-clasificacion-las-finales-la-atp\/","title":{"rendered":"Roger Federer logra la clasificaci\u00f3n para las Finales de la ATP"},"content":{"rendered":"<p class=\"DETALLE_N_titulo \">EL NUEVO DIARIO, Redacci\u00f3n deportes.- El suizo Roger Federer logr\u00f3 la clasificaci\u00f3n matem\u00e1tica para las Finales de la ATP, por decimos\u00e9ptima vez, con su victoria ante el indio Sumit Nagal en su estreno en el Abierto de los Estados Unidos.<\/p>\n<div id=\"texto\" class=\"texto_txt\">\n<div class=\"DETALLE_N_texto \">\n<p><span id=\"ctl14_lblMostra\">Roger Federer se une, de este modo, al serbio Novak Djokovic y al espa\u00f1ol Rafael Nadal, ya clasificados para el torneo que se disputar\u00e1 del 10 al 17 de noviembre en Londres, seg\u00fan inform\u00f3 este martes la ATP.<\/span><\/p>\n<p>\u201cClasificarme para el \u00faltimo evento del a\u00f1o es siempre uno de mis principales objetivos\u201d, dijo Federer, seis veces campe\u00f3n de las Finales de la ATP.<\/p>\n<p>El torneo reunir\u00e1 en Londres a las ocho mejores raquetas del a\u00f1o.<\/p>\n<p>Federer, ganador de veinte t\u00edtulos de Grand Slam, estableci\u00f3 un nuevo r\u00e9cord al clasificarse por decimos\u00e9ptima vez.<\/p>\n<\/div>\n<\/div>\n","protected":false},"excerpt":{"rendered":"<p>El torneo reunir\u00e1 en Londres a las ocho mejores raquetas del a\u00f1o.<\/p>\n","protected":false},"author":19,"featured_media":59928,"comment_status":"closed","ping_status":"closed","sticky":false,"template":"","format":"standard","meta":[],"categories":[2,60],"tags":[],"acf":[],"_links":{"self":[{"href":"https:\/\/colimdo.org\/wp-api\/wp\/v2\/posts\/59924"}],"collection":[{"href":"https:\/\/colimdo.org\/wp-api\/wp\/v2\/posts"}],"about":[{"href":"https:\/\/colimdo.org\/wp-api\/wp\/v2\/types\/post"}],"author":[{"embeddable":true,"href":"https:\/\/colimdo.org\/wp-api\/wp\/v2\/users\/19"}],"replies":[{"embeddable":true,"href":"https:\/\/colimdo.org\/wp-api\/wp\/v2\/comments?post=59924"}],"version-history":[{"count":1,"href":"https:\/\/colimdo.org\/wp-api\/wp\/v2\/posts\/59924\/revisions"}],"predecessor-version":[{"id":59929,"href":"https:\/\/colimdo.org\/wp-api\/wp\/v2\/posts\/59924\/revisions\/59929"}],"wp:featuredmedia":[{"embeddable":true,"href":"https:\/\/colimdo.org\/wp-api\/wp\/v2\/media\/59928"}],"wp:attachment":[{"href":"https:\/\/colimdo.org\/wp-api\/wp\/v2\/media?parent=59924"}],"wp:term":[{"taxonomy":"category","embeddable":true,"href":"https:\/\/colimdo.org\/wp-api\/wp\/v2\/categories?post=59924"},{"taxonomy":"post_tag","embeddable":true,"href":"https:\/\/colimdo.org\/wp-api\/wp\/v2\/tags?post=59924"}],"curies":[{"name":"wp","href":"https:\/\/api.w.org\/{rel}","templated":true}]}}