{"id":59925,"date":"2019-08-27T17:41:10","date_gmt":"2019-08-27T17:41:10","guid":{"rendered":"https:\/\/colimdo.org\/?p=59925"},"modified":"2019-08-27T18:42:17","modified_gmt":"2019-08-27T18:42:17","slug":"shary-munoz-ramon-vila-sobresalen-torneo-del-caribe-tenis-mesa","status":"publish","type":"post","link":"https:\/\/colimdo.org\/noticias\/shary-munoz-ramon-vila-sobresalen-torneo-del-caribe-tenis-mesa\/","title":{"rendered":"Shary Mu\u00f1oz y Ram\u00f3n Vila sobresalen en torneo del Caribe tenis mesa"},"content":{"rendered":"<p><strong>SANTO DOMINGO<\/strong>. Los dominicanos Ram\u00f3n Vila y Shary Mu\u00f1oz resultaron los m\u00e1s destacados del Campeonato del Caribe Pre-Cadetes sub-11 y sub-13 de Tenis de Mesa que se celebr\u00f3 en el Pabell\u00f3n de ese deporte del Parque del Este.<\/p>\n<p>Tanto Mu\u00f1oz como Vila, en la categor\u00eda sub-13, conquistaron tres medallas de oro y una de plata en el campeonato que cont\u00f3 con la participaci\u00f3n de atletas de siete pa\u00edses.<\/p>\n<p>Ram\u00f3n Vila obtuvo el primer lugar en sencillos, dobles mixtos, haciendo pareja con Shary, y en equipo masculino con Rafael Cabrera, y la plata en dobles masculinos.<\/p>\n<p>\u201cMi prop\u00f3sito es cada d\u00eda dar lo m\u00e1ximo, cada gota de sudor para para llegar a lo m\u00e1s alto. No consegu\u00ed mi objetivo que era las cuatro medallas de oro, pero di lo mejor para mi pa\u00eds\u201d, agreg\u00f3 Ram\u00f3n Vila.<\/p>\n<p>Mientras, Shary Mu\u00f1oz logr\u00f3 las preseas doradas en sencillos femeninos, dobles femeninos, con Vianelkis Fern\u00e1ndez, y dobles mixtos con Ram\u00f3n Vila, y la plata en equipo femenino, con Vianelkis Fern\u00e1ndez.<\/p>\n<p>\u201cEl proceso para este resultado fue entrenar fuerte y seguir adelante para lograr el resultado. Cuando iba mal hizo las correcciones para volver a mi ritmo y lograr mi objetivo\u201d, sostuvo Mu\u00f1oz, quien tiene como meta futura obtener similares resultados en el Campeonato Continental que tendr\u00e1 lugar en octubre pr\u00f3ximo en Salinas, Puerto Rico.<\/p>\n<p>El campeonato\u00a0\u00a0cont\u00f3 con el apoyo del Ministerio de Deportes, Comit\u00e9 Ol\u00edmpico Dominicano (COD), Claro, Peps, Direcci\u00f3n General de Impuestos Internos (DGII) y Creso.<\/p>\n<p><strong>RD, segundo lugar por equipo<\/strong><\/p>\n<p>La Rep\u00fablica Dominicana ocup\u00f3 el segundo lugar general del Campeonato del Caribe Pre-Cadetes sub-11 y sub-13 de Tenis de Mesa con un total de 2,440 puntos.<\/p>\n<p>La representaci\u00f3n de Puerto Rico, que hab\u00eda ocupado el segundo pelda\u00f1o el pasado a\u00f1o detr\u00e1s de los dominicanos, result\u00f3 el gran campe\u00f3n con una puntuaci\u00f3n general de 2,790 unidades.<\/p>\n<p>La Rep\u00fablica Dominicana se hizo de ocho medallas de oro, en tanto que Puerto Rico obtuvo siete, que tuvo mejor puntuaci\u00f3n al ganar el primer lugar en tres de las cuatro modalidades por equipos.<\/p>\n<p>Con 470 puntos, la representaci\u00f3n de Jamaica se qued\u00f3 con la copa de tercer lugar del certamen. Guyana qued\u00f3 en el cuarto puesto con un total de 220 puntos.<\/p>\n<p>En el Campeonato del Caribe Pre-Cadetes\u00a0\u00a0sub-11 y sub-13 de Tenis de Mesa tomaron parte atletas de Guyana, Barbados, Jamaica, Trinidad &amp; Tobago, Aruba, Puerto Rico y Rep\u00fablica Dominicana.<\/p>\n","protected":false},"excerpt":{"rendered":"<p>La Rep\u00fablica Dominicana ocup\u00f3 el segundo lugar general, mientras que Puerto Rico fue el campe\u00f3n del Campeonato del Caribe Pre-Cadetes sub-11 y sub-13 de Tenis de Mesa<\/p>\n","protected":false},"author":13,"featured_media":59926,"comment_status":"closed","ping_status":"closed","sticky":false,"template":"","format":"standard","meta":[],"categories":[2,60],"tags":[],"acf":[],"_links":{"self":[{"href":"https:\/\/colimdo.org\/wp-api\/wp\/v2\/posts\/59925"}],"collection":[{"href":"https:\/\/colimdo.org\/wp-api\/wp\/v2\/posts"}],"about":[{"href":"https:\/\/colimdo.org\/wp-api\/wp\/v2\/types\/post"}],"author":[{"embeddable":true,"href":"https:\/\/colimdo.org\/wp-api\/wp\/v2\/users\/13"}],"replies":[{"embeddable":true,"href":"https:\/\/colimdo.org\/wp-api\/wp\/v2\/comments?post=59925"}],"version-history":[{"count":1,"href":"https:\/\/colimdo.org\/wp-api\/wp\/v2\/posts\/59925\/revisions"}],"predecessor-version":[{"id":59927,"href":"https:\/\/colimdo.org\/wp-api\/wp\/v2\/posts\/59925\/revisions\/59927"}],"wp:featuredmedia":[{"embeddable":true,"href":"https:\/\/colimdo.org\/wp-api\/wp\/v2\/media\/59926"}],"wp:attachment":[{"href":"https:\/\/colimdo.org\/wp-api\/wp\/v2\/media?parent=59925"}],"wp:term":[{"taxonomy":"category","embeddable":true,"href":"https:\/\/colimdo.org\/wp-api\/wp\/v2\/categories?post=59925"},{"taxonomy":"post_tag","embeddable":true,"href":"https:\/\/colimdo.org\/wp-api\/wp\/v2\/tags?post=59925"}],"curies":[{"name":"wp","href":"https:\/\/api.w.org\/{rel}","templated":true}]}}