{"id":59963,"date":"2019-08-28T02:25:26","date_gmt":"2019-08-28T02:25:26","guid":{"rendered":"https:\/\/colimdo.org\/?p=59963"},"modified":"2019-08-28T02:25:26","modified_gmt":"2019-08-28T02:25:26","slug":"fuerzas-armadas-anuncian-tradicional-clasico-golf-benefico","status":"publish","type":"post","link":"https:\/\/colimdo.org\/noticias\/fuerzas-armadas-anuncian-tradicional-clasico-golf-benefico\/","title":{"rendered":"Fuerzas Armadas anuncian tradicional Cl\u00e1sico de Golf ben\u00e9fico"},"content":{"rendered":"<p>SANTO DOMINGO.- El Ministerio de Defensa (Mide) anunci\u00f3 este martes el \u201cXI Cl\u00e1sico de Golf Copa Mide 2019\u201d que ser\u00e1 realizado el 27 y 28 de septiembre en el campo Las Aromas, en Santiago de los Caballeros y en el cual participar\u00e1n 160 jugadores.<\/p>\n<p>Los detalles fueron ofrecidos a trav\u00e9s de una rueda de prensa en la sede del Mide, que fue encabezada por el teniente general Rub\u00e9n Dar\u00edo Paulino Sem, ministro de la instituci\u00f3n.<\/p>\n<p>El torneo se jugar\u00e1 en formato Scramble en parejas, a 18 hoyos, seg\u00fan explic\u00f3 Tulio Luna, director t\u00e9cnico del evento. Agreg\u00f3 que en el mismo se permitir\u00e1 la participaci\u00f3n de parejas mixta en las categor\u00edas A, B y C.<\/p>\n<p>En el cl\u00e1sico participar\u00e1n representantes del Ej\u00e9rcito de la Republica Dominicana (ERD), Armada de RD (ARD), Fuerza A\u00e9rea de RD (FARD) y la Polic\u00eda Nacional (PN).<\/p>\n<p>Cada a\u00f1o el evento tiene el objetivo de recaudar fondos para destinarlos a obras de bien social que realiza la Asociaci\u00f3n de Esposas de Oficiales de las Fuerzas Armadas (ADEOFA) en beneficio de los miembros de las instituciones militares y sus familiares.<\/p>\n<p>Las escuadras estar\u00e1n integradas por 160 militares (activos y retirados), amigos delas instituciones castrenses y relacionados que apoyan la labor social del ADEEOFA.<\/p>\n<p>Aunque la ceremonia inaugural se realizar\u00e1 el s\u00e1bado 28 a las 8:00 de la ma\u00f1ana, las acciones iniciaran el viernes 27 desde las 12:00 del mediod\u00eda.<\/p>\n","protected":false},"excerpt":{"rendered":"<p>Los detalles fueron ofrecidos a trav\u00e9s de una rueda de prensa en la sede del Mide, que fue encabezada por el teniente general Rub\u00e9n Dar\u00edo Paulino Sem, ministro de la instituci\u00f3n.<\/p>\n","protected":false},"author":16,"featured_media":59964,"comment_status":"closed","ping_status":"closed","sticky":false,"template":"","format":"standard","meta":[],"categories":[2,60],"tags":[],"acf":[],"_links":{"self":[{"href":"https:\/\/colimdo.org\/wp-api\/wp\/v2\/posts\/59963"}],"collection":[{"href":"https:\/\/colimdo.org\/wp-api\/wp\/v2\/posts"}],"about":[{"href":"https:\/\/colimdo.org\/wp-api\/wp\/v2\/types\/post"}],"author":[{"embeddable":true,"href":"https:\/\/colimdo.org\/wp-api\/wp\/v2\/users\/16"}],"replies":[{"embeddable":true,"href":"https:\/\/colimdo.org\/wp-api\/wp\/v2\/comments?post=59963"}],"version-history":[{"count":1,"href":"https:\/\/colimdo.org\/wp-api\/wp\/v2\/posts\/59963\/revisions"}],"predecessor-version":[{"id":59965,"href":"https:\/\/colimdo.org\/wp-api\/wp\/v2\/posts\/59963\/revisions\/59965"}],"wp:featuredmedia":[{"embeddable":true,"href":"https:\/\/colimdo.org\/wp-api\/wp\/v2\/media\/59964"}],"wp:attachment":[{"href":"https:\/\/colimdo.org\/wp-api\/wp\/v2\/media?parent=59963"}],"wp:term":[{"taxonomy":"category","embeddable":true,"href":"https:\/\/colimdo.org\/wp-api\/wp\/v2\/categories?post=59963"},{"taxonomy":"post_tag","embeddable":true,"href":"https:\/\/colimdo.org\/wp-api\/wp\/v2\/tags?post=59963"}],"curies":[{"name":"wp","href":"https:\/\/api.w.org\/{rel}","templated":true}]}}