{"id":59972,"date":"2019-08-28T02:40:28","date_gmt":"2019-08-28T02:40:28","guid":{"rendered":"https:\/\/colimdo.org\/?p=59972"},"modified":"2019-08-28T02:40:28","modified_gmt":"2019-08-28T02:40:28","slug":"psg-ha-ofrecido-neymar-al-barca-cambio-semedo-dembele-cheque","status":"publish","type":"post","link":"https:\/\/colimdo.org\/noticias\/psg-ha-ofrecido-neymar-al-barca-cambio-semedo-dembele-cheque\/","title":{"rendered":"EL PSG ha ofrecido a Neymar al Bar\u00e7a a cambio de Semedo, Dembel\u00e9 y un cheque"},"content":{"rendered":"<p>Par\u00eds, 27 ago. (EFE).- El Par\u00eds Saint Germain (PSG) aguarda sin mucha esperanza la que deber\u00eda ser la \u00faltima oferta por Neymar del Barcelona, al que por su parte ha propuesto vender al astro brasile\u00f1o a cambio del portugu\u00e9s Nelson Semedo, del franc\u00e9s Ousmane Demb\u00e9l\u00e9 y de un cheque de 100 millones de euros.<\/p>\n<p>&#8220;Le Parisien&#8221; explica este martes que el PSG hizo esa proposici\u00f3n despu\u00e9s de que el Bar\u00e7a hubiera prestado a mediados de mes al Bayern de M\u00fanich a Philippe Coutinho, por el que el equipo de la capital francesa se hab\u00eda interesado anteriormente en un eventual canje por Neymar.<\/p>\n<p>En concreto, el director deportivo, Leonardo, ha comunicado al club catal\u00e1n que estar\u00edan dispuestos a devolver al delantero brasile\u00f1o por 100 millones de euros, Semedo y Demb\u00e9l\u00e9.<\/p>\n<p>Esta propuesta est\u00e1 valorada en una horquilla entre 250 y 300 millones de euros, en funci\u00f3n del precio que se d\u00e9 a esos dos jugadores.<\/p>\n<p>Es decir, que encaja en las ambiciones manifestadas por el PSG, que insiste en que s\u00f3lo ceder\u00e1 a Neymar si obtiene tanto o m\u00e1s que los 222 millones de euros que pag\u00f3 por \u00e9l en 2017.<\/p>\n<p>El Bar\u00e7a, que no se hace muchas ilusiones, env\u00eda este martes a Par\u00eds -seg\u00fan lo que se ha filtrado a la prensa- una delegaci\u00f3n para entrevistarse con la direcci\u00f3n del PSG y va a presentar su propia oferta.<\/p>\n<p>Consistir\u00eda en un pr\u00e9stamo con opci\u00f3n de compra por una cantidad que rondar\u00eda los 150-170 millones de euros y que se pagar\u00eda en varios plazos. No tiene muchos visos de poder ser aceptada por la otra parte.<\/p>\n<p>Por eso en las \u00faltimas horas los responsables del club de la capital francesa y Neymar han hablado sobre la voluntad compartida de acabar con el culebr\u00f3n de su posible traspaso lo antes posible, sin esperar al cierre oficial del mercado el pr\u00f3ximo 2 de septiembre, seg\u00fan &#8220;L&#8217;\u00c9quipe&#8221;.<\/p>\n<p>La ola de lesiones que sufre la plantilla -en particular las de los goleadores Kylian Mbapp\u00e9 y Edinson Cavani- acelera la necesidad de una decisi\u00f3n definitiva.<\/p>\n<p>Sobre todo porque en caso de que el astro brasile\u00f1o se fuera de la capital francesa, el PSG tendr\u00eda que contratar inmediatamente a un sustituto de garant\u00edas.<\/p>\n<p>Pero el escenario m\u00e1s probable ahora no es \u00e9se, sino que Neymar vuelva a jugar con la camiseta del PSG, algo que no ocurre desde el pasado 11 de mayo.<\/p>\n<p>&nbsp;<\/p>\n","protected":false},"excerpt":{"rendered":"<p>&#8220;Le Parisien&#8221; explica este martes que el PSG hizo esa proposici\u00f3n despu\u00e9s de que el Bar\u00e7a hubiera prestado a mediados de mes al Bayern de M\u00fanich a Philippe Coutinho, por el que el equipo de la capital francesa se hab\u00eda interesado anteriormente en un eventual canje por Neymar.<\/p>\n","protected":false},"author":16,"featured_media":59973,"comment_status":"closed","ping_status":"closed","sticky":false,"template":"","format":"standard","meta":[],"categories":[2,60],"tags":[],"acf":[],"_links":{"self":[{"href":"https:\/\/colimdo.org\/wp-api\/wp\/v2\/posts\/59972"}],"collection":[{"href":"https:\/\/colimdo.org\/wp-api\/wp\/v2\/posts"}],"about":[{"href":"https:\/\/colimdo.org\/wp-api\/wp\/v2\/types\/post"}],"author":[{"embeddable":true,"href":"https:\/\/colimdo.org\/wp-api\/wp\/v2\/users\/16"}],"replies":[{"embeddable":true,"href":"https:\/\/colimdo.org\/wp-api\/wp\/v2\/comments?post=59972"}],"version-history":[{"count":1,"href":"https:\/\/colimdo.org\/wp-api\/wp\/v2\/posts\/59972\/revisions"}],"predecessor-version":[{"id":59974,"href":"https:\/\/colimdo.org\/wp-api\/wp\/v2\/posts\/59972\/revisions\/59974"}],"wp:featuredmedia":[{"embeddable":true,"href":"https:\/\/colimdo.org\/wp-api\/wp\/v2\/media\/59973"}],"wp:attachment":[{"href":"https:\/\/colimdo.org\/wp-api\/wp\/v2\/media?parent=59972"}],"wp:term":[{"taxonomy":"category","embeddable":true,"href":"https:\/\/colimdo.org\/wp-api\/wp\/v2\/categories?post=59972"},{"taxonomy":"post_tag","embeddable":true,"href":"https:\/\/colimdo.org\/wp-api\/wp\/v2\/tags?post=59972"}],"curies":[{"name":"wp","href":"https:\/\/api.w.org\/{rel}","templated":true}]}}