{"id":59996,"date":"2019-08-29T03:37:50","date_gmt":"2019-08-29T03:37:50","guid":{"rendered":"https:\/\/colimdo.org\/?p=59996"},"modified":"2019-08-29T03:37:14","modified_gmt":"2019-08-29T03:37:14","slug":"promueven-rescatar-festival-deportivo-la-mujer","status":"publish","type":"post","link":"https:\/\/colimdo.org\/noticias\/promueven-rescatar-festival-deportivo-la-mujer\/","title":{"rendered":"Promueven rescatar Festival Deportivo de la Mujer"},"content":{"rendered":"<p><strong>SANTO DOMINGO.-<\/strong> El Comit\u00e9 Ol\u00edmpico Dominicano (COD) plante\u00f3 la necesidad de rescatar el Festival Deportivo de la Mujer como parte de un conjunto de iniciativas para impulsar las actividades que se promueven en la igualdad de g\u00e9nero.<\/p>\n<p>La iniciativa fue expuesta durante un almuerzo celebrado este mi\u00e9rcoles en el que tomaron parte numerosas mujeres l\u00edderes de diferentes sectores de la sociedad, donde tambi\u00e9n se plante\u00f3 trabajar m\u00e1s en el deporte y la educaci\u00f3n de j\u00f3venes de la sociedad. La actividad fue organizada por la Comisi\u00f3n Mujer y Deporte del COD.<\/p>\n<p>Durante el encuentro encabezado por Luis Mej\u00eda Oviedo, presidente del COD, tambi\u00e9n estuvieron la Ministra de la Mujer, Janet Camilo; la embajadora de Canad\u00e1 en el pa\u00eds Shauna Hemingwey; la senadora Cristina Lizardo; Teresa Dur\u00e1n, directora del departamento de G\u00e9nero del Ministerio de Deportes; Dulce Mar\u00eda Pi\u00f1a, presidenta de la Comisi\u00f3n Mujer y Deporte del COD.<\/p>\n<p>Adem\u00e1s del rescate del Festival Deportivo de la Mujer, se plante\u00f3 crear iniciativas para que en adici\u00f3n a las actividades deportivas se creen las condiciones para llevar educaci\u00f3n a los j\u00f3venes.<\/p>\n<p>La ministra Camilo hizo hincapi\u00e9 en trabajar por rescatar la celebraci\u00f3n del Festival Deportivo de la Mujer, iniciativa que fue respaldada por Mej\u00eda Oviedo.<\/p>\n<p>En tanto que la Senadora Lizardo se sum\u00f3 a esa inquietud y solicit\u00f3 que se especialicen recursos para la celebraci\u00f3n de esos eventos y que estos sean contemplados, ya sea en el presupuesto del Ministerio de Deportes o en el Ministerio de la Mujer.<\/p>\n<p>\u201cHe contemplado con preocupaci\u00f3n que s\u00f3lo se toma en cuenta la mujer cuando hay competencias, pero creo necesario que se tomen en cuenta al deportista en otros aspectos\u201d, dijo Lizardo, refiri\u00e9ndose a la escuela, las condiciones de la familia y otros aspectos de su vida.<\/p>\n<p>Asimismo la embajadora Hemingwey dio todo su apoyo a estas iniciativas, se\u00f1alando que los diferentes sectores que luchan por la igualdad de g\u00e9nero tienen que unirse y trabajar de la mano para poder avanzar.<\/p>\n<p>Durante el encuentro Mej\u00eda Oviedo anunci\u00f3 que se promover\u00e1n encuentros similares al que tuvo lugar este mi\u00e9rcoles a los fines de acercar el COD a los diferentes sectores de la sociedad.<\/p>\n<p>Anticip\u00f3 un encuentro con el sector pol\u00edtico, el judicial y empresarial.<\/p>\n<p>En el almuerzo tambi\u00e9n estuvieron Fel\u00edcita Heredia, presidenta de la Comisi\u00f3n Deporte y Medio Ambiente del COD, Juana Arrendell, inmortal del deporte dominicano, as\u00ed como la se\u00f1ora Julia Lora, B\u00e1rbara Hern\u00e1ndez, Magnolia Concepci\u00f3n, la doble medallista Panamericana, Mar\u00eda Dimitrova, Ana Montilla, Dinanyiris Fulcar, Mar\u00eda Garc\u00eda, entre otras.<\/p>\n","protected":false},"excerpt":{"rendered":"<p>La iniciativa fue expuesta durante un almuerzo celebrado este mi\u00e9rcoles en el que tomaron parte numerosas mujeres l\u00edderes de diferentes sectores de la sociedad, donde tambi\u00e9n se plante\u00f3 trabajar m\u00e1s en el deporte y la educaci\u00f3n de j\u00f3venes de la sociedad. La actividad fue organizada por la Comisi\u00f3n Mujer y Deporte del COD.<\/p>\n","protected":false},"author":19,"featured_media":60018,"comment_status":"closed","ping_status":"closed","sticky":false,"template":"","format":"standard","meta":[],"categories":[2,60],"tags":[],"acf":[],"_links":{"self":[{"href":"https:\/\/colimdo.org\/wp-api\/wp\/v2\/posts\/59996"}],"collection":[{"href":"https:\/\/colimdo.org\/wp-api\/wp\/v2\/posts"}],"about":[{"href":"https:\/\/colimdo.org\/wp-api\/wp\/v2\/types\/post"}],"author":[{"embeddable":true,"href":"https:\/\/colimdo.org\/wp-api\/wp\/v2\/users\/19"}],"replies":[{"embeddable":true,"href":"https:\/\/colimdo.org\/wp-api\/wp\/v2\/comments?post=59996"}],"version-history":[{"count":1,"href":"https:\/\/colimdo.org\/wp-api\/wp\/v2\/posts\/59996\/revisions"}],"predecessor-version":[{"id":60019,"href":"https:\/\/colimdo.org\/wp-api\/wp\/v2\/posts\/59996\/revisions\/60019"}],"wp:featuredmedia":[{"embeddable":true,"href":"https:\/\/colimdo.org\/wp-api\/wp\/v2\/media\/60018"}],"wp:attachment":[{"href":"https:\/\/colimdo.org\/wp-api\/wp\/v2\/media?parent=59996"}],"wp:term":[{"taxonomy":"category","embeddable":true,"href":"https:\/\/colimdo.org\/wp-api\/wp\/v2\/categories?post=59996"},{"taxonomy":"post_tag","embeddable":true,"href":"https:\/\/colimdo.org\/wp-api\/wp\/v2\/tags?post=59996"}],"curies":[{"name":"wp","href":"https:\/\/api.w.org\/{rel}","templated":true}]}}