{"id":59997,"date":"2019-08-28T15:59:33","date_gmt":"2019-08-28T15:59:33","guid":{"rendered":"https:\/\/colimdo.org\/?p=59997"},"modified":"2019-08-28T15:59:47","modified_gmt":"2019-08-28T15:59:47","slug":"wushu-obtiene-nueve-medallas-campeonato-sudamericano","status":"publish","type":"post","link":"https:\/\/colimdo.org\/noticias\/wushu-obtiene-nueve-medallas-campeonato-sudamericano\/","title":{"rendered":"Wushu obtiene nueve medallas en campeonato Sudamericano"},"content":{"rendered":"<p><strong>SANTO DOMINGO<\/strong>. Fernando Torres conquist\u00f3 una medalla de oro y otros siete lograron preseas de plata en el Campeonato Sudamericano de Wushu que se llev\u00f3 a cabo en La Paz, Bolivia.<\/p>\n<p>En total, la representaci\u00f3n dominicana de wushu se alz\u00f3 con nueve medallas, incluidas la de oro, las siete de plata y dos de bronce.<\/p>\n<p>Torres result\u00f3 el campe\u00f3n de la categor\u00eda 48 kilos, mientras que Dalexis Ferreras, en 48 kilos;\u00a0<a href=\"https:\/\/www.facebook.com\/jeyson.vizcaino.54?__tn__=%2CdK-RH-R-R&amp;eid=ARB6-oPLakEPBspRzEwiKH0Ulfpfkis09RW8mFbubV0wvSXHWT7MM6JCpzZz3BqpTAZ_a1YTbeK6vIXd&amp;fref=mentions\">Jeyson Vizca\u00edno,<\/a> en 56 kilos; Albaro Leyba, en los 70 kilos; Homero Marty, en los 80 kilos; Luz Feliz Dotel, en los 52 kilos femenino, se alzaron con una medalla de plata cada uno.<\/p>\n<p>Adem\u00e1s de los citados atletas de la categor\u00eda superior, tambi\u00e9n los juveniles Francisco Alcal\u00e1, en los 70 kilos, y Llenson Reyes, en los 75 kilos, tambi\u00e9n lograron medallas de plata.<\/p>\n<p>El juvenil Dalyn L\u00f3pez, en los 48 kilos, y el superior Bladimir Serrano, en los 60 kilos, se quedaron con una medalla de bronce cada uno.<\/p>\n<p>Tras la actuaci\u00f3n de los deportistas, el licenciado Luis Chanlatte, presidente de la Federaci\u00f3n Dominicana de Wushu (Fedowushu), resalt\u00f3 el progreso de los atletas y les exhort\u00f3 a seguir compitiendo para eventos futuros.<\/p>\n<p>El dirigente deportivo agradeci\u00f3 el apoyo del Ministerio de Deportes, en la persona del licenciado Danilo D\u00edaz, as\u00ed como del presidente del COD, licenciado Luis Mej\u00eda Oviedo, y el director del INAPA, Horacio Mazara, y el senador por la provincia Monteplata, Charlie Mariotti.<\/p>\n<p>El campeonato, que se llev\u00f3 a cabo del 22 al 25 de este mes, cont\u00f3 con la participaci\u00f3n de atletas de Bolivia, Argentina, Brasil, Chile, Colombia, Per\u00fa, Uruguay, Rep\u00fablica Dominicana y Bolivia como pa\u00eds anfitri\u00f3n, entre otros.<\/p>\n","protected":false},"excerpt":{"rendered":"<p>Fernando Torres gan\u00f3 una medalla de oro en los 52 kilos, mientras que otros siete se quedaron con plata en el certamen celebrado en Bolivia.<\/p>\n","protected":false},"author":13,"featured_media":59998,"comment_status":"closed","ping_status":"closed","sticky":false,"template":"","format":"standard","meta":[],"categories":[2,60],"tags":[],"acf":[],"_links":{"self":[{"href":"https:\/\/colimdo.org\/wp-api\/wp\/v2\/posts\/59997"}],"collection":[{"href":"https:\/\/colimdo.org\/wp-api\/wp\/v2\/posts"}],"about":[{"href":"https:\/\/colimdo.org\/wp-api\/wp\/v2\/types\/post"}],"author":[{"embeddable":true,"href":"https:\/\/colimdo.org\/wp-api\/wp\/v2\/users\/13"}],"replies":[{"embeddable":true,"href":"https:\/\/colimdo.org\/wp-api\/wp\/v2\/comments?post=59997"}],"version-history":[{"count":1,"href":"https:\/\/colimdo.org\/wp-api\/wp\/v2\/posts\/59997\/revisions"}],"predecessor-version":[{"id":59999,"href":"https:\/\/colimdo.org\/wp-api\/wp\/v2\/posts\/59997\/revisions\/59999"}],"wp:featuredmedia":[{"embeddable":true,"href":"https:\/\/colimdo.org\/wp-api\/wp\/v2\/media\/59998"}],"wp:attachment":[{"href":"https:\/\/colimdo.org\/wp-api\/wp\/v2\/media?parent=59997"}],"wp:term":[{"taxonomy":"category","embeddable":true,"href":"https:\/\/colimdo.org\/wp-api\/wp\/v2\/categories?post=59997"},{"taxonomy":"post_tag","embeddable":true,"href":"https:\/\/colimdo.org\/wp-api\/wp\/v2\/tags?post=59997"}],"curies":[{"name":"wp","href":"https:\/\/api.w.org\/{rel}","templated":true}]}}