{"id":60000,"date":"2019-08-28T16:55:29","date_gmt":"2019-08-28T16:55:29","guid":{"rendered":"https:\/\/colimdo.org\/?p=60000"},"modified":"2019-08-28T16:55:54","modified_gmt":"2019-08-28T16:55:54","slug":"la-cbpc-buscara-la-proteccion-la-lvbp-todos-peloteros","status":"publish","type":"post","link":"https:\/\/colimdo.org\/noticias\/la-cbpc-buscara-la-proteccion-la-lvbp-todos-peloteros\/","title":{"rendered":"La CBPC buscar\u00e1 la protecci\u00f3n de la LVBP y de todos sus peloteros"},"content":{"rendered":"<p><strong>SANTO DOMINGO<\/strong>. La Oficina del Comisionado de B\u00e9isbol Profesional del Caribe informa sobre el caso que afecta a la Liga Venezolana de Beisbol Profesional (LVBP) y la disposici\u00f3n de las Grandes Ligas (MLB):<\/p>\n<p>La Confederaci\u00f3n buscar\u00e1 por todos los medios en su capacidad, la protecci\u00f3n de la pr\u00f3xima temporada de LVBP, instituci\u00f3n que siempre ha trabajado por el fomento y desarrollo del b\u00e9isbol profesional y sus a\u00f1os de fundaci\u00f3n as\u00ed lo avalan.<\/p>\n<p>El Comisionado del Caribe, Juan F. Puello Herrera menciona al respecto:\u00a0&#8220;Desde la Confederaci\u00f3n seguimos trabajando para ver lo posible de que se celebre en Venezuela la pr\u00f3xima Temporada Invernal, estamos analizando diversos escenarios, pero no podemos adelantar nada y tenemos que por delante hay una prohibici\u00f3n de la MLB&#8221;.<\/p>\n<p>CBCP entiende que la Liga Venezolana de Beisbol Profesional que dirige el ingeniero Juan Jos\u00e9 Avila, un hombre fiel al b\u00e9isbol organizado est\u00e1 reuni\u00e9ndose para ver todas las alternativas que pudieran tomar pronto, ya que se aproxima el inicio de la pelota invernal en Venezuela.<\/p>\n<p>La Confederaci\u00f3n tiene tambi\u00e9n conocimiento de que la Liga de Beisbol Profesional Roberto Clemente, de Puerto Rico, responsable de San Juan 2020, a realizarse del 1 al 7 de febrero pr\u00f3ximos, sigue confiada en que todo se resolver\u00e1, que se le buscar\u00e1 una salida y que Venezuela estar\u00e1 con un equipo en la pr\u00f3xima Serie del Caribe 2020.<\/p>\n<p>El Comisionado Puello agrega sobre lo anterior,\u00a0&#8220;Venezuela ha sido siempre una parte muy importante para los \u00e9xitos de la Serie del Caribe\u201d\u00a0y agrega,\u00a0&#8220;Nos interesa que Venezuela mantenga su tradici\u00f3n de b\u00e9isbol ininterrumpido y por supuesto que est\u00e9 en la Serie del Caribe, entendemos que la MLB no tiene forma, por ahora, de c\u00f3mo cambiar una decisi\u00f3n ejecutiva que ha tomado el presidente de Estados Unidos&#8221;.<\/p>\n<p>M\u00e1s all\u00e1 de lo anteriormente expuesto, la Confederaci\u00f3n de B\u00e9isbol Profesional del Caribe, seguir\u00e1 en contacto con MLB, LVBP y el resto de las Ligas Miembro para revisar cada punto y dar\u00e1 mayor informaci\u00f3n cuando sea necesario \u00fanicamente.<\/p>\n","protected":false},"excerpt":{"rendered":"<p>La Confederaci\u00f3n emiti\u00f3 un comunicado en donde se\u00f1ala que buscar\u00e1 la protecci\u00f3n de la pr\u00f3xima temporada de la Liga Venezolana de B\u00e9isbol Profesional.<\/p>\n","protected":false},"author":13,"featured_media":60001,"comment_status":"closed","ping_status":"closed","sticky":false,"template":"","format":"standard","meta":[],"categories":[2,60],"tags":[],"acf":[],"_links":{"self":[{"href":"https:\/\/colimdo.org\/wp-api\/wp\/v2\/posts\/60000"}],"collection":[{"href":"https:\/\/colimdo.org\/wp-api\/wp\/v2\/posts"}],"about":[{"href":"https:\/\/colimdo.org\/wp-api\/wp\/v2\/types\/post"}],"author":[{"embeddable":true,"href":"https:\/\/colimdo.org\/wp-api\/wp\/v2\/users\/13"}],"replies":[{"embeddable":true,"href":"https:\/\/colimdo.org\/wp-api\/wp\/v2\/comments?post=60000"}],"version-history":[{"count":1,"href":"https:\/\/colimdo.org\/wp-api\/wp\/v2\/posts\/60000\/revisions"}],"predecessor-version":[{"id":60002,"href":"https:\/\/colimdo.org\/wp-api\/wp\/v2\/posts\/60000\/revisions\/60002"}],"wp:featuredmedia":[{"embeddable":true,"href":"https:\/\/colimdo.org\/wp-api\/wp\/v2\/media\/60001"}],"wp:attachment":[{"href":"https:\/\/colimdo.org\/wp-api\/wp\/v2\/media?parent=60000"}],"wp:term":[{"taxonomy":"category","embeddable":true,"href":"https:\/\/colimdo.org\/wp-api\/wp\/v2\/categories?post=60000"},{"taxonomy":"post_tag","embeddable":true,"href":"https:\/\/colimdo.org\/wp-api\/wp\/v2\/tags?post=60000"}],"curies":[{"name":"wp","href":"https:\/\/api.w.org\/{rel}","templated":true}]}}