{"id":60003,"date":"2019-08-29T03:32:09","date_gmt":"2019-08-29T03:32:09","guid":{"rendered":"https:\/\/colimdo.org\/?p=60003"},"modified":"2019-08-29T03:32:09","modified_gmt":"2019-08-29T03:32:09","slug":"dirigente-che-garcia-ultimo-corte-mundial","status":"publish","type":"post","link":"https:\/\/colimdo.org\/noticias\/dirigente-che-garcia-ultimo-corte-mundial\/","title":{"rendered":"Dirigente \u201cChe\u201d Garc\u00eda hace \u00faltimo corte para el Mundial"},"content":{"rendered":"<p><strong>SHENZHEN, China.-<\/strong>\u00a0Ya la Rep\u00fablica Dominicana sabe lo que tendr\u00e1 en definitiva para la Copa del Mundo de Baloncesto FIBA 2019, prevista para celebrarse del 31 de agosto al 15 de septiembre.<\/p>\n<p>El equipo qued\u00f3 conformado por Ronald Ram\u00f3n, Gelvis Solano, V\u00edctor Liz, Rigoberto Mendoza, Luis Montero y Sadiel Rojas, adem\u00e1s de Juan Miguel Suero, Dagoberto Pe\u00f1a, Eulis B\u00e1ez, Juan Jos\u00e9 Garc\u00eda, Eloy Vargas y Ronald Roberts Jr.<\/p>\n<p>Ram\u00f3n, Liz, B\u00e1ez y Vargas se convertir\u00e1n en los primeros jugadores dominicanos que repiten participaci\u00f3n en un Mundial, ya que accionaron en la edici\u00f3n de Espa\u00f1a 2014. El resto estar\u00e1 debutando.<\/p>\n<p>\u201cEstoy contento con el trabajo realizado por ellos. Todo ha sido muy parejo y por eso tardamos tanto en elegirlos\u201d, declar\u00f3 Garc\u00eda.<\/p>\n<p>Llama la atenci\u00f3n solamente fueron escogidos dos armadores, cuando usualmente una selecci\u00f3n mayor contiene tres.<\/p>\n<p>\u201cMe parece que lo de tres bases es un formato normal, pero muchos equipos tambi\u00e9n juegan con combo guards. Tenemos otros dos bases y manejadores de bal\u00f3n como Suero y Mendoza. Pensamos que para el formato esta es la mejor opci\u00f3n\u201d, coment\u00f3.<\/p>\n<p>Al cuestionarle sobre la fortaleza como equipo de los 12 que eligi\u00f3, el t\u00e9cnico resalt\u00f3 la buena actitud que han demostrado sus jugadores.<\/p>\n<p>\u201cSiento que quieren hacer cosas. Hemos planteado una forma de jugar y la siguen. En esta \u00faltima semana han dado un paso bastante grande en cuanto a la selecci\u00f3n de tiro y la agresividad defensiva\u201d, explic\u00f3.<\/p>\n<p><strong>B\u00e1ez progresa<\/strong><\/p>\n<p>La molestia en la pantorrilla izquierda de Eulis B\u00e1ez va en franca mejor\u00eda. El delantero estuvo realizando actividad f\u00edsica y los trainers Santiago Alfaro y Jos\u00e9 G\u00f3mez confirmaron que deber\u00e1 estar listo para el primer partido de la selecci\u00f3n dominicana.<\/p>\n<p><strong>Lo que sigue<\/strong><\/p>\n<p>Tras llegar a Shenzhen este mi\u00e9rcoles, el equipo reanudar\u00e1 este jueves sus entrenamientos para terminar de ponerse a tono y comenzar con buen pie su participaci\u00f3n en el Mundial.<\/p>\n<p>A las 4:30 de la tarde hora local y 4:30 de la madrugada hora dominicana de este domingo primero de septiembre, los caribe\u00f1os har\u00e1n su debut contra Jordania.<\/p>\n<p>Sus pr\u00f3ximos encuentros correspondientes al Grupo G ser\u00e1n el d\u00eda 3 contra Alemania y el d\u00eda 5 frente a Francia.<\/p>\n","protected":false},"excerpt":{"rendered":"<p>El dirigente del equipo superior de baloncesto dio a conocer los jugadores disponibles para el mundial que arranca este domingo.<\/p>\n","protected":false},"author":13,"featured_media":60004,"comment_status":"closed","ping_status":"closed","sticky":false,"template":"","format":"standard","meta":[],"categories":[2,60],"tags":[],"acf":[],"_links":{"self":[{"href":"https:\/\/colimdo.org\/wp-api\/wp\/v2\/posts\/60003"}],"collection":[{"href":"https:\/\/colimdo.org\/wp-api\/wp\/v2\/posts"}],"about":[{"href":"https:\/\/colimdo.org\/wp-api\/wp\/v2\/types\/post"}],"author":[{"embeddable":true,"href":"https:\/\/colimdo.org\/wp-api\/wp\/v2\/users\/13"}],"replies":[{"embeddable":true,"href":"https:\/\/colimdo.org\/wp-api\/wp\/v2\/comments?post=60003"}],"version-history":[{"count":1,"href":"https:\/\/colimdo.org\/wp-api\/wp\/v2\/posts\/60003\/revisions"}],"predecessor-version":[{"id":60005,"href":"https:\/\/colimdo.org\/wp-api\/wp\/v2\/posts\/60003\/revisions\/60005"}],"wp:featuredmedia":[{"embeddable":true,"href":"https:\/\/colimdo.org\/wp-api\/wp\/v2\/media\/60004"}],"wp:attachment":[{"href":"https:\/\/colimdo.org\/wp-api\/wp\/v2\/media?parent=60003"}],"wp:term":[{"taxonomy":"category","embeddable":true,"href":"https:\/\/colimdo.org\/wp-api\/wp\/v2\/categories?post=60003"},{"taxonomy":"post_tag","embeddable":true,"href":"https:\/\/colimdo.org\/wp-api\/wp\/v2\/tags?post=60003"}],"curies":[{"name":"wp","href":"https:\/\/api.w.org\/{rel}","templated":true}]}}