{"id":60033,"date":"2019-08-29T03:34:41","date_gmt":"2019-08-29T03:34:41","guid":{"rendered":"https:\/\/colimdo.org\/?p=60033"},"modified":"2019-08-29T03:34:17","modified_gmt":"2019-08-29T03:34:17","slug":"cod-minerd-unen-esfuerzos-desarrollar-practica-deportiva-las-escuelas","status":"publish","type":"post","link":"https:\/\/colimdo.org\/noticias\/cod-minerd-unen-esfuerzos-desarrollar-practica-deportiva-las-escuelas\/","title":{"rendered":"COD y Minerd unen esfuerzos para desarrollar pr\u00e1ctica deportiva en las escuelas"},"content":{"rendered":"<p>SANTO DOMINGO. \u2013 El ministro de Educaci\u00f3n, Antonio Pe\u00f1a Mirabal, y el presidente del Comit\u00e9 Ol\u00edmpico Dominicano (COD), Luis Mej\u00eda, acordaron implementar un programa de fortalecimiento y desarrollo del deporte en los centros educativos p\u00fablicos, con impacto en la modalidad de Jornada Escolar Extendida.<\/p>\n<p>En un encuentro realizado en el Minerd, los incumbentes coincidieron en destacar la importancia de fortalecer las bases psicomotrices que sustentan el deporte escolar.<\/p>\n<p>La iniciativa unir\u00e1 al Minerd y al COD en los esfuerzos por desarrollar en las escuelas a los talentos atl\u00e9ticos que en el futuro integren las selecciones nacionales que representar\u00e1n al pa\u00eds en eventos internacionales.<\/p>\n<p>Ambos consideraron vital el trabajo unido en los planteles escolares, para contribuir en las mejoras puntuales de los estudiantes y deportistas.<\/p>\n<p>Decidieron retomar otros proyectos de inter\u00e9s nacional que vinculan la educaci\u00f3n con el deporte, los cuales se materializar\u00e1n a trav\u00e9s de las federaciones deportivas. Se trata de acuerdos suscritos en el a\u00f1o 2017 y que, por distintas circunstancias no se hicieron realidad.<\/p>\n<p>T\u00e9cnicos (monitores) capacitados<\/p>\n<p>Un aspecto de transcendental importancia es el relativo al compromiso asumido para fomentar el deporte en los centros escolares, utilizando monitores debidamente capacitados, y cuyas competencias ser\u00e1n avaladas por el COD, el Ministerio de Deportes y el Instituto Nacional de Educaci\u00f3n F\u00edsica (INEFI).<\/p>\n<p>La meta principal, conforme a lo acordado, es que desde el Minerd se auspicie el desarrollo de actividades deportivas en las escuelas, promoviendo el deporte y la recreaci\u00f3n para la formaci\u00f3n de hombres y mujeres capacitados y sanos.<\/p>\n<p>\u201cCuenten con todo el apoyo del Ministerio de Educaci\u00f3n y damos seguridad de que cumpliremos con nuestras responsabilidades para lograr la ampliaci\u00f3n del deporte en nuestras escuelas y el pa\u00eds\u201d, asegur\u00f3 Pe\u00f1a Mirabal.<\/p>\n<p>El funcionario dijo tener bien claro que el deporte y la educaci\u00f3n son complementario, por lo que no escatimar\u00e1 esfuerzos para que el deporte se fortalezca en las escuelas.<\/p>\n<p>Mej\u00eda precis\u00f3 que el COD seguir\u00e1 dando un soporte t\u00e9cnico de primer orden para la celebraci\u00f3n, en noviembre pr\u00f3ximo, de los Juegos Deportivos Escolares.<\/p>\n<p>Adelant\u00f3 que junto al Ministerio de Deportes reactivar\u00e1 el tema pendiente de integrar los monitores deportivos al trabajo deportivo en los centros educativos.<\/p>\n","protected":false},"excerpt":{"rendered":"<p>En un encuentro realizado en el Minerd, los incumbentes coincidieron en destacar la importancia de fortalecer las bases psicomotrices que sustentan el deporte escolar.<\/p>\n","protected":false},"author":16,"featured_media":60034,"comment_status":"closed","ping_status":"closed","sticky":false,"template":"","format":"standard","meta":[],"categories":[2,60],"tags":[],"acf":[],"_links":{"self":[{"href":"https:\/\/colimdo.org\/wp-api\/wp\/v2\/posts\/60033"}],"collection":[{"href":"https:\/\/colimdo.org\/wp-api\/wp\/v2\/posts"}],"about":[{"href":"https:\/\/colimdo.org\/wp-api\/wp\/v2\/types\/post"}],"author":[{"embeddable":true,"href":"https:\/\/colimdo.org\/wp-api\/wp\/v2\/users\/16"}],"replies":[{"embeddable":true,"href":"https:\/\/colimdo.org\/wp-api\/wp\/v2\/comments?post=60033"}],"version-history":[{"count":1,"href":"https:\/\/colimdo.org\/wp-api\/wp\/v2\/posts\/60033\/revisions"}],"predecessor-version":[{"id":60035,"href":"https:\/\/colimdo.org\/wp-api\/wp\/v2\/posts\/60033\/revisions\/60035"}],"wp:featuredmedia":[{"embeddable":true,"href":"https:\/\/colimdo.org\/wp-api\/wp\/v2\/media\/60034"}],"wp:attachment":[{"href":"https:\/\/colimdo.org\/wp-api\/wp\/v2\/media?parent=60033"}],"wp:term":[{"taxonomy":"category","embeddable":true,"href":"https:\/\/colimdo.org\/wp-api\/wp\/v2\/categories?post=60033"},{"taxonomy":"post_tag","embeddable":true,"href":"https:\/\/colimdo.org\/wp-api\/wp\/v2\/tags?post=60033"}],"curies":[{"name":"wp","href":"https:\/\/api.w.org\/{rel}","templated":true}]}}