{"id":60071,"date":"2019-08-29T18:13:02","date_gmt":"2019-08-29T18:13:02","guid":{"rendered":"https:\/\/colimdo.org\/?p=60071"},"modified":"2019-08-29T18:13:02","modified_gmt":"2019-08-29T18:13:02","slug":"judocas-primer-nivel-vendran-al-panam-open-clasificatorio-tokio","status":"publish","type":"post","link":"https:\/\/colimdo.org\/noticias\/judocas-primer-nivel-vendran-al-panam-open-clasificatorio-tokio\/","title":{"rendered":"Judocas de primer nivel vendr\u00e1n al Panam Open clasificatorio Tokio"},"content":{"rendered":"<p><strong>SANTO DOMINGO<\/strong><span style=\"font-style: inherit; font-weight: inherit;\">. Un total de 19 pa\u00edses han confirmado su participaci\u00f3n al Santo Domingo Panamerican Open de Judo 2019 que tendr\u00e1 lugar del 6 al 8 de septiembre en el Pabell\u00f3n de Balonmano del Parque del Este con una dedicaci\u00f3n a Mayobanex Escoto, director del INVI.<\/span><\/p>\n<p><span style=\"font-style: inherit; font-weight: inherit;\">La informaci\u00f3n la dio a conocer Timo Pimentel, presidente del Comit\u00e9 Organizador del certamen, en rueda de prensa celebrada este jueves en el sal\u00f3n de eventos de la Federaci\u00f3n Dominicana de Judo (Fedojudo).<\/span><\/p>\n<p>En el Santo Domingo Panamerican Open de Judo, clasificatorio para los Juegos Ol\u00edmpicos de Tokio 2020, se espera la participaci\u00f3n de algo m\u00e1s de 200 atletas del m\u00e1s alto nivel del judo mundial.<\/p>\n<p>El congresillo t\u00e9cnico est\u00e1 pautado para el jueves 5 de septiembre, a las 2:00 de la tarde, en el sal\u00f3n de reuniones del Comit\u00e9 Ol\u00edmpico Dominicano.<\/p>\n<p>El presidente de la Fedojudo, licenciado Gilberto Garc\u00eda, indic\u00f3 que el clasificatorio est\u00e1 pautado para celebrarse los d\u00edas viernes 6 y s\u00e1bado 7, mientras que el domingo 8 se celebrar\u00e1 el Abierto del Caribe, desde las 9:00 de la ma\u00f1ana.<\/p>\n<p>La ceremonia de apertura est\u00e1 programada para llevarse a cabo a las 4:00 de la tarde el viernes 6. Para el lunes 9 de septiembre se celebrar\u00e1 un campamento de entrenamiento, al cual han confirmado varios pa\u00edses.<\/p>\n<p>\u201cCinco atletas nuestros siguen en carrera para los Juegos Ol\u00edmpicos de Tokio. Este Panamericano es un buen evento para continuar sumando puntos para los Juegos Ol\u00edmpicos\u201d, agreg\u00f3 Garc\u00eda.<\/p>\n<p>Entre los pa\u00edses que han confirmado su participaci\u00f3n figuran: Hait\u00ed, Camer\u00fan, Mauritius, Ecuador, Espa\u00f1a, Puerto Rico, Bahamas, Estados Unidos, Gab\u00f3n, Canad\u00e1, Guatemala, Barbados, Venezuela, T\u00fanez, Colombia, Nicaragua, Cabo Verde y Panam\u00e1.<\/p>\n<p>El torneo es organizado por la Federaci\u00f3n Dominicana de Judo (Fedojudo), y es un evento oficial de la Federaci\u00f3n Internacional de Judo (FIJ), al tiempo que cuenta con el aval de la Confederaci\u00f3n Panamericana de Judo (CPJ).<\/p>\n<p><span style=\"font-style: inherit; font-weight: inherit;\">En la rama masculina se competir\u00e1 en las categor\u00edas 60 kilos, menos 66, menos 73, menos 81, menos 90, menos 100 y m\u00e1s\u00a0de\u00a0100 kilos.<\/span><\/p>\n<p><span style=\"font-style: inherit; font-weight: inherit;\">En femenino, las combates se llevar\u00e1n a cabo en menos 48 kilos, menos 52, menos 57, menos 63, menos 70, menos 78 y m\u00e1s 78 kilogramos.<\/span><\/p>\n<p><span style=\"font-style: inherit; font-weight: inherit;\">Las competencias ser\u00e1n\u00a0de\u00a0acuerdo a las m\u00e1s recientes reglas\u00a0de\u00a0arbitraje\u00a0de\u00a0la FIJ adoptadas por la Confederaci\u00f3n\u00a0Panamericana\u00a0de\u00a0Judo\u00a0(CPJ) y la\u00a0Fedojudo, con el sistema\u00a0de\u00a0round robin o eliminaci\u00f3n, dependiendo\u00a0del n\u00famero\u00a0de\u00a0atletas\u00a0debidamente pesados en cada divisi\u00f3n.<\/span><\/p>\n","protected":false},"excerpt":{"rendered":"<p>Un total de 19 pa\u00edses han confirmado su participaci\u00f3n en el certamen que tendr\u00e1 lugar del 6 al 8 de septiembre en el Pabell\u00f3n de Balonmano del Parque del Este.<\/p>\n","protected":false},"author":13,"featured_media":60072,"comment_status":"closed","ping_status":"closed","sticky":false,"template":"","format":"standard","meta":[],"categories":[2,60],"tags":[],"acf":[],"_links":{"self":[{"href":"https:\/\/colimdo.org\/wp-api\/wp\/v2\/posts\/60071"}],"collection":[{"href":"https:\/\/colimdo.org\/wp-api\/wp\/v2\/posts"}],"about":[{"href":"https:\/\/colimdo.org\/wp-api\/wp\/v2\/types\/post"}],"author":[{"embeddable":true,"href":"https:\/\/colimdo.org\/wp-api\/wp\/v2\/users\/13"}],"replies":[{"embeddable":true,"href":"https:\/\/colimdo.org\/wp-api\/wp\/v2\/comments?post=60071"}],"version-history":[{"count":1,"href":"https:\/\/colimdo.org\/wp-api\/wp\/v2\/posts\/60071\/revisions"}],"predecessor-version":[{"id":60074,"href":"https:\/\/colimdo.org\/wp-api\/wp\/v2\/posts\/60071\/revisions\/60074"}],"wp:featuredmedia":[{"embeddable":true,"href":"https:\/\/colimdo.org\/wp-api\/wp\/v2\/media\/60072"}],"wp:attachment":[{"href":"https:\/\/colimdo.org\/wp-api\/wp\/v2\/media?parent=60071"}],"wp:term":[{"taxonomy":"category","embeddable":true,"href":"https:\/\/colimdo.org\/wp-api\/wp\/v2\/categories?post=60071"},{"taxonomy":"post_tag","embeddable":true,"href":"https:\/\/colimdo.org\/wp-api\/wp\/v2\/tags?post=60071"}],"curies":[{"name":"wp","href":"https:\/\/api.w.org\/{rel}","templated":true}]}}