{"id":60073,"date":"2019-08-29T18:12:20","date_gmt":"2019-08-29T18:12:20","guid":{"rendered":"https:\/\/colimdo.org\/?p=60073"},"modified":"2019-08-29T18:19:24","modified_gmt":"2019-08-29T18:19:24","slug":"tigres-del-licey-anuncian-entrenamientos","status":"publish","type":"post","link":"https:\/\/colimdo.org\/noticias\/tigres-del-licey-anuncian-entrenamientos\/","title":{"rendered":"Tigres del Licey anuncian sus entrenamientos"},"content":{"rendered":"<p><strong>EL CARIBE.-\u00a0<\/strong>Tigres del Licey anunci\u00f3 para el mi\u00e9rcoles 18 de septiembre el inicio de sus entrenamientos con vista a la temporada 2019-2020 de la Liga de B\u00e9isbol Profesional de la Rep\u00fablica Dominicana, se\u00f1alado para despegar el s\u00e1bado 12 de octubre.<\/p>\n<p>El equipo por excelencia del b\u00e9isbol invernal quisqueyano realizar\u00e1 su pretemporada, por tercer a\u00f1o seguido, en la academia de los Marineros de Seattle, ubicada en la zona de Boca Chica, al este de la capital.<\/p>\n<p>El gerente general de los felinos, Junior Noboa, inform\u00f3 que para el 18 de septiembre est\u00e1n convocados los receptores y lanzadores disponibles de la organizaci\u00f3n, los que trabajar\u00e1n juntos por el resto de esa semana.<\/p>\n<p>Noboa indic\u00f3 que el resto de la escuadra felina -jugadores del cuadro y jardineros- deber\u00e1n reportarse el lunes 23 de dicho mes, para unirse a las m\u00e1scaras y tiradores con el fin de llegar al d\u00eda inaugural de la temporada en capacidad de competir al m\u00e1s alto nivel.<\/p>\n<p>La Liga de B\u00e9isbol Profesional de la Rep\u00fablica Dominicana dedicar\u00e1 el pr\u00f3ximo torneo a la memoria del finado licenciado Carlos Morales Troncoso, quien fue en una ocasi\u00f3n presidente de los Toros del Este.<\/p>\n<p>Los Tigres del Licey tendr\u00e1n su primer enfrentamiento de la serie regular del torneo invernal ante los Leones del Escogido en el Estadio Quisqueya Juan Marichal a partir de las cinco de la tarde.<\/p>\n","protected":false},"excerpt":{"rendered":"<p>El equipo por excelencia del b\u00e9isbol invernal quisqueyano realizar\u00e1 su pretemporada, por tercer a\u00f1o seguido, en la academia de los Marineros de Seattle, ubicada en la zona de Boca Chica, al este de la capital.<\/p>\n","protected":false},"author":19,"featured_media":60075,"comment_status":"closed","ping_status":"closed","sticky":false,"template":"","format":"standard","meta":[],"categories":[2,60],"tags":[],"acf":[],"_links":{"self":[{"href":"https:\/\/colimdo.org\/wp-api\/wp\/v2\/posts\/60073"}],"collection":[{"href":"https:\/\/colimdo.org\/wp-api\/wp\/v2\/posts"}],"about":[{"href":"https:\/\/colimdo.org\/wp-api\/wp\/v2\/types\/post"}],"author":[{"embeddable":true,"href":"https:\/\/colimdo.org\/wp-api\/wp\/v2\/users\/19"}],"replies":[{"embeddable":true,"href":"https:\/\/colimdo.org\/wp-api\/wp\/v2\/comments?post=60073"}],"version-history":[{"count":1,"href":"https:\/\/colimdo.org\/wp-api\/wp\/v2\/posts\/60073\/revisions"}],"predecessor-version":[{"id":60076,"href":"https:\/\/colimdo.org\/wp-api\/wp\/v2\/posts\/60073\/revisions\/60076"}],"wp:featuredmedia":[{"embeddable":true,"href":"https:\/\/colimdo.org\/wp-api\/wp\/v2\/media\/60075"}],"wp:attachment":[{"href":"https:\/\/colimdo.org\/wp-api\/wp\/v2\/media?parent=60073"}],"wp:term":[{"taxonomy":"category","embeddable":true,"href":"https:\/\/colimdo.org\/wp-api\/wp\/v2\/categories?post=60073"},{"taxonomy":"post_tag","embeddable":true,"href":"https:\/\/colimdo.org\/wp-api\/wp\/v2\/tags?post=60073"}],"curies":[{"name":"wp","href":"https:\/\/api.w.org\/{rel}","templated":true}]}}