{"id":60077,"date":"2019-08-29T18:12:21","date_gmt":"2019-08-29T18:12:21","guid":{"rendered":"https:\/\/colimdo.org\/?p=60077"},"modified":"2019-08-29T18:27:40","modified_gmt":"2019-08-29T18:27:40","slug":"la-fina-otorga-beca-base-entrenamiento-rusia-al-clavadista-frandiel-gomez","status":"publish","type":"post","link":"https:\/\/colimdo.org\/noticias\/la-fina-otorga-beca-base-entrenamiento-rusia-al-clavadista-frandiel-gomez\/","title":{"rendered":"La Fina otorga beca para base de entrenamiento en Rusia al clavadista Frandiel G\u00f3mez"},"content":{"rendered":"<p>EL NUEVO DIARIO, SANTO DOMINGO.- La Federaci\u00f3n Dominicana de Nataci\u00f3n (Fedona) y el programa Creando Sue\u00f1os Ol\u00edmpicos (Creso) anunciaron en conjunto que la Federaci\u00f3n Internacional de Nataci\u00f3n (Fina) otorg\u00f3 una beca para base de entrenamiento al clavadista dominicano Frandiel G\u00f3mez.<\/p>\n<p>La misma tendr\u00e1 vigencia de un a\u00f1o en Kazan, Rusia, como preparaci\u00f3n para el Mundial de Clavados y la clasificaci\u00f3n a los Juegos Ol\u00edmpicos de Tokio 2020.<\/p>\n<p>Tanto La Fedona como el Creso saludaron la iniciativa de la Fina para el clavadista nativo de Puerto Plata.<\/p>\n<p>G\u00f3mez fue medallista en los pasados Juegos Centroamericanos y del Caribe de Barranquilla 2018. Particip\u00f3 tambi\u00e9n en los pasados Juegos Panamericanos de Lima 2019.<\/p>\n<p>Tambi\u00e9n gan\u00f3 dos medallas de oro en las competencias de clavado del torneo de la Confederaci\u00f3n Centroamericana y del Caribe de Nataci\u00f3n que se realiz\u00f3 en Trinidad &amp; Tobago en el 2017.<\/p>\n<p>El clavadista de 23 a\u00f1os, quien inici\u00f3 ese deporte a los 13, estudia gastronom\u00eda, gracias al apoyo del Creso.<\/p>\n<p>El clavadista fue 16 del mundo en el 2013 en un Mundial de Clavado en Barcelona. En el 2016 fue el 29 del mundo en el preol\u00edmpico en Brasil.<\/p>\n","protected":false},"excerpt":{"rendered":"<p>La misma tendr\u00e1 vigencia de un a\u00f1o en Kazan, Rusia, como preparaci\u00f3n para el Mundial de Clavados y la clasificaci\u00f3n a los Juegos Ol\u00edmpicos de Tokio 2020.<\/p>\n","protected":false},"author":19,"featured_media":60078,"comment_status":"closed","ping_status":"closed","sticky":false,"template":"","format":"standard","meta":[],"categories":[2,60],"tags":[],"acf":[],"_links":{"self":[{"href":"https:\/\/colimdo.org\/wp-api\/wp\/v2\/posts\/60077"}],"collection":[{"href":"https:\/\/colimdo.org\/wp-api\/wp\/v2\/posts"}],"about":[{"href":"https:\/\/colimdo.org\/wp-api\/wp\/v2\/types\/post"}],"author":[{"embeddable":true,"href":"https:\/\/colimdo.org\/wp-api\/wp\/v2\/users\/19"}],"replies":[{"embeddable":true,"href":"https:\/\/colimdo.org\/wp-api\/wp\/v2\/comments?post=60077"}],"version-history":[{"count":1,"href":"https:\/\/colimdo.org\/wp-api\/wp\/v2\/posts\/60077\/revisions"}],"predecessor-version":[{"id":60079,"href":"https:\/\/colimdo.org\/wp-api\/wp\/v2\/posts\/60077\/revisions\/60079"}],"wp:featuredmedia":[{"embeddable":true,"href":"https:\/\/colimdo.org\/wp-api\/wp\/v2\/media\/60078"}],"wp:attachment":[{"href":"https:\/\/colimdo.org\/wp-api\/wp\/v2\/media?parent=60077"}],"wp:term":[{"taxonomy":"category","embeddable":true,"href":"https:\/\/colimdo.org\/wp-api\/wp\/v2\/categories?post=60077"},{"taxonomy":"post_tag","embeddable":true,"href":"https:\/\/colimdo.org\/wp-api\/wp\/v2\/tags?post=60077"}],"curies":[{"name":"wp","href":"https:\/\/api.w.org\/{rel}","templated":true}]}}