{"id":60090,"date":"2019-08-30T02:42:35","date_gmt":"2019-08-30T02:42:35","guid":{"rendered":"https:\/\/colimdo.org\/?p=60090"},"modified":"2019-08-30T02:42:35","modified_gmt":"2019-08-30T02:42:35","slug":"nadal-sin-jugar-pasa-la-tercera-ronda-abierto-estados-unidos","status":"publish","type":"post","link":"https:\/\/colimdo.org\/noticias\/nadal-sin-jugar-pasa-la-tercera-ronda-abierto-estados-unidos\/","title":{"rendered":"Nadal, sin jugar, pasa a la tercera ronda en el Abierto de Estados Unidos"},"content":{"rendered":"<p class=\"canvas-atom canvas-text Mb(1.0em) Mb(0)--sm Mt(0.8em)--sm\">Nueva York, 29 ago (EFE).- El tenis masculino espa\u00f1ol complet\u00f3 una sesi\u00f3n matinal triunfal en la cuarta jornada del Abierto de Estados Unidos despu\u00e9s que Rafael Nadal, segundo cabeza de serie, pas\u00f3 a la tercera ronda sin jugar, tras la incomparecencia del australiano Thanasi Kokkinakis por lesi\u00f3n.<\/p>\n<p class=\"canvas-atom canvas-text Mb(1.0em) Mb(0)--sm Mt(0.8em)--sm\">Ahora el rival de Nadal ser\u00e1 el ganador del partido que deben disputar el tambi\u00e9n espa\u00f1ol Fernando Verdasco, trig\u00e9simo segundo cabeza de serie, frente al surcoreano Hyeon Chung, 170 del mundo, en la pista 10 de Flushing Meadows.<\/p>\n<p class=\"canvas-atom canvas-text Mb(1.0em) Mb(0)--sm Mt(0.8em)--sm\">Antes de la clasificaci\u00f3n de Nadal llegaron las de Pablo And\u00fajar, Pablo Carre\u00f1o Busta y Feliciano L\u00f3pez.<\/p>\n<p class=\"canvas-atom canvas-text Mb(1.0em) Mb(0)--sm Mt(0.8em)--sm\">And\u00fajar, que ocupa el puesto 70 en la clasificaci\u00f3n de la ATP, se impuso por 6-2, 6-4 y 6-2 al italiano Lorenzo Sonego, n\u00famero 49 del mundo y fue el tercero en hacerlo en una jornada plena para el tenis espa\u00f1ol, que hizo recordar a los mejores a\u00f1os de la &#8220;Armada&#8221;.<\/p>\n<p class=\"canvas-atom canvas-text Mb(1.0em) Mb(0)--sm Mt(0.8em)--sm\">El jugador valenciano de 33 a\u00f1os, que disputa por s\u00e9ptima vez el Abierto, no estuvo en las pasadas dos ediciones, logr\u00f3 su primer pase a la tercera ronda del \u00faltimo Grand Slam de la temporada, que era su asignatura pendiente.<\/p>\n<p class=\"canvas-atom canvas-text Mb(1.0em) Mb(0)--sm Mt(0.8em)--sm\">El pr\u00f3ximo rival de And\u00fajar ser\u00e1 el kazako Alexander Bublic, de 21 a\u00f1os y 75 en la clasificaci\u00f3n mundial, que remont\u00f3 dos sets en contra y gan\u00f3 por 6-7 (3\/7), 5-7, 6-4, 6-3 y 6-3 al italiano Thomas Fabbiano, n\u00famero 87 del mundo y verdugo del austr\u00edaco Dominic Thiem, cuarto cabeza de serie, en la primera ronda.<\/p>\n<p class=\"canvas-atom canvas-text Mb(1.0em) Mb(0)--sm Mt(0.8em)--sm\">And\u00fajar, como ya hizo en el primer partido del torneo frente al ingl\u00e9s Kyle Edmund, trig\u00e9simo cabeza de serie, fue quien impuso su mejor tenis desde el fondo de la pista, con golpes de derechas seguros y ganadores.<\/p>\n<figure class=\"canvas-image Mx(a) canvas-atom My(24px) My(20px)--sm Ta(c)\" data-type=\"image\">\n<div class=\"Maw(100%) D(ib)\"><\/div>\n<\/figure>\n<p class=\"canvas-atom canvas-text Mb(1.0em) Mb(0)--sm Mt(0.8em)--sm\">La estrategia funcion\u00f3 al ver como Sonego comet\u00eda 43 errores no forzados por 20 golpes ganadores, mientras que And\u00fajar ganaba 23 tantos y s\u00f3lo perd\u00eda 24 en el intercambio.<\/p>\n<p class=\"canvas-atom canvas-text Mb(1.0em) Mb(0)--sm Mt(0.8em)--sm\">Adem\u00e1s tambi\u00e9n hizo un buen trabajo en las subidas a la red con 18 tantos ganados en 24 oportunidades por 10 de 15 que logr\u00f3 Sonego, a quien se enfrent\u00f3 por segunda ven como profesional y estableci\u00f3 el empate a 1-1 en la serie entre ambos.<\/p>\n<p class=\"canvas-atom canvas-text Mb(1.0em) Mb(0)--sm Mt(0.8em)--sm\">Tambi\u00e9n se impuso en su compromiso el veterano Feliciano L\u00f3pez, de 37 a\u00f1os y 61 del mundo, al vencer por 6-7 (7\/9), 6-0, 6-4 y 6-4 al joven japon\u00e9s Yoshihito Nishioka, quien ocupa el puesto 59 en la clasificaci\u00f3n de la ATP.<\/p>\n<p class=\"canvas-atom canvas-text Mb(1.0em) Mb(0)--sm Mt(0.8em)--sm\">L\u00f3pez, que disputa su decimoctavo Abierto de Estados Unidos, consigui\u00f3 por novena vez el pase a la tercera ronda, donde tendr\u00e1 de rival al l\u00edder de la &#8220;Next Gen&#8221;, el ruso Daniil Medvedev, quinto cabeza de serie, que gan\u00f3 en cuatro sets, 6-3, 5-7, 7-5 y 6-3, al boliviano Hugo Dellien, que se convert\u00eda en el tercer latinoamericano eliminado de la jornada.<\/p>\n<p class=\"canvas-atom canvas-text Mb(1.0em) Mb(0)--sm Mt(0.8em)--sm\">El duelo entre L\u00f3pez y Medvedev ser\u00e1 el segundo que tengan dentro del Tour de la ATP con victoria (7-6 (6) y 7-5) para L\u00f3pez en la ronda inicial del Masters 1.000 de Montecarlo, en 2017.<\/p>\n<div><\/div>\n<div class=\"Ov(h) Trs($transition-readmore) Mah(999999px)\">\n<p class=\"canvas-atom canvas-text Mb(1.0em) Mb(0)--sm Mt(0.8em)--sm\">Mientras L\u00f3pez le daba al tenis espa\u00f1ol la segunda victoria de la cuarta jornada en la competici\u00f3n masculina, el asturiano Pablo Carre\u00f1o lograba la tercera al ganar por 6-4, 6-7 (3), 6-2 y 6-0 al bielorruso Ricardas Berankis.<\/p>\n<p class=\"canvas-atom canvas-text Mb(1.0em) Mb(0)--sm Mt(0.8em)--sm\">Carre\u00f1o, de 28 a\u00f1os, tendr\u00e1 como pr\u00f3ximo rival al belga David Goffin, decimoquinto cabeza de serie, que tambi\u00e9n gan\u00f3 con facilidad en tres sets, 6-2, 6-2 y 6-2, al franc\u00e9s Gregoire Barrere.<\/p>\n<p class=\"canvas-atom canvas-text Mb(1.0em) Mb(0)--sm Mt(0.8em)--sm\">El duelo entre Carre\u00f1o y Goffin ser\u00e1 el segundo que protagonicen en el circuito de la ATP con ventaja de 1-0 para el tenista asturiano que prevaleci\u00f3 en el primero cuando se enfrentaron en el torneo de Oeiras (Portugal) en el 2013.<\/p>\n<\/div>\n","protected":false},"excerpt":{"rendered":"<p>Nueva York, 29 ago (EFE).- El tenis masculino espa\u00f1ol complet\u00f3 una sesi\u00f3n matinal triunfal en la cuarta jornada del Abierto de Estados Unidos despu\u00e9s que Rafael Nadal, segundo cabeza de serie, pas\u00f3 a la tercera ronda sin jugar, tras la incomparecencia del australiano Thanasi Kokkinakis por lesi\u00f3n. Ahora el rival de Nadal ser\u00e1 el ganador [&hellip;]<\/p>\n","protected":false},"author":16,"featured_media":60091,"comment_status":"closed","ping_status":"closed","sticky":false,"template":"","format":"standard","meta":[],"categories":[2,60],"tags":[],"acf":[],"_links":{"self":[{"href":"https:\/\/colimdo.org\/wp-api\/wp\/v2\/posts\/60090"}],"collection":[{"href":"https:\/\/colimdo.org\/wp-api\/wp\/v2\/posts"}],"about":[{"href":"https:\/\/colimdo.org\/wp-api\/wp\/v2\/types\/post"}],"author":[{"embeddable":true,"href":"https:\/\/colimdo.org\/wp-api\/wp\/v2\/users\/16"}],"replies":[{"embeddable":true,"href":"https:\/\/colimdo.org\/wp-api\/wp\/v2\/comments?post=60090"}],"version-history":[{"count":1,"href":"https:\/\/colimdo.org\/wp-api\/wp\/v2\/posts\/60090\/revisions"}],"predecessor-version":[{"id":60092,"href":"https:\/\/colimdo.org\/wp-api\/wp\/v2\/posts\/60090\/revisions\/60092"}],"wp:featuredmedia":[{"embeddable":true,"href":"https:\/\/colimdo.org\/wp-api\/wp\/v2\/media\/60091"}],"wp:attachment":[{"href":"https:\/\/colimdo.org\/wp-api\/wp\/v2\/media?parent=60090"}],"wp:term":[{"taxonomy":"category","embeddable":true,"href":"https:\/\/colimdo.org\/wp-api\/wp\/v2\/categories?post=60090"},{"taxonomy":"post_tag","embeddable":true,"href":"https:\/\/colimdo.org\/wp-api\/wp\/v2\/tags?post=60090"}],"curies":[{"name":"wp","href":"https:\/\/api.w.org\/{rel}","templated":true}]}}