{"id":60105,"date":"2019-08-30T03:48:51","date_gmt":"2019-08-30T03:48:51","guid":{"rendered":"https:\/\/colimdo.org\/?p=60105"},"modified":"2019-08-30T03:48:51","modified_gmt":"2019-08-30T03:48:51","slug":"rd-lista-jugar-este-viernes-ante-la-seleccion-futbol-emiratos-arabes","status":"publish","type":"post","link":"https:\/\/colimdo.org\/noticias\/rd-lista-jugar-este-viernes-ante-la-seleccion-futbol-emiratos-arabes\/","title":{"rendered":"RD, lista para jugar este viernes ante la selecci\u00f3n de f\u00fatbol de Emiratos \u00c1rabes"},"content":{"rendered":"<p>Bahr\u00e9in. \u2013 La selecci\u00f3n dominicana de f\u00fatbol se enfrenta a su similar de los Emiratos \u00c1rabes Unidos, este viernes 30 de agosto en el Estadio Khalifa City Sports Stadium a las 8:30 de la noche hora local (1:30 de la tarde en Rep\u00fablica Dominicana).<\/p>\n<p>Los dirigidos por el espa\u00f1ol David Gonz\u00e1les tendr\u00e1n su segunda prueba de fuego en la \u201cEra Gonz\u00e1lez\u201d enfrentando a la selecci\u00f3n n\u00famero 65 del Ranking de la Fifa de cara a su preparaci\u00f3n para la Liga de Naciones que empieza el pr\u00f3ximo mes de septiembre.<\/p>\n<p>Luego de una larga traves\u00eda y teniendo sesiones de entrenamientos tanto en las ma\u00f1anas como en las noches para poder adaptarse al clima y al horario, los muchachos se encuentran en plena forma f\u00edsica y sumamente animados para afrontar este reto.<\/p>\n<p>Los Emiratos \u00c1rabes Unidos dirigidos por el holand\u00e9s Ber Van Marwijk, entrenador experimentado mundialista y con t\u00edtulos como la antigua Copa de la UEFA y la Copa de Holanda con el Feyenoord, tendr\u00e1 su partido de inauguraci\u00f3n como entrenador de esta selecci\u00f3n nada m\u00e1s y nada menos ante la tricolor.<\/p>\n<p>La selecci\u00f3n emirat\u00ed se prepara de cara a la copa asi\u00e1tica y quiere total discreci\u00f3n, as\u00ed sus rivales asi\u00e1ticos no podr\u00e1n tener ning\u00fan tipo de rese\u00f1a de cara al torneo que se les avecina.<\/p>\n<p>El dirigente espa\u00f1ol tiene total confianza en sus pupilos y pretende seguir con el mismo esquema de juego ante una selecci\u00f3n local que se sabe que son muy fuertes f\u00edsicamente y van a ir a presionar a los defensores dominicanos.<\/p>\n<p>Este partido ante Emiratos \u00c1rabes servir\u00e1 como eslab\u00f3n para que la tricolor demuestre que en en el pa\u00eds se vive y se juega muy bien al f\u00fatbol as\u00ed como tambi\u00e9n los jugadores puedan ser proyectados en el \u00e1mbito internacional.<\/p>\n<p>Direcci\u00f3n de prensa Fedofutbol<\/p>\n","protected":false},"excerpt":{"rendered":"<p>Los dirigidos por el espa\u00f1ol David Gonz\u00e1les tendr\u00e1n su segunda prueba de fuego en la \u201cEra Gonz\u00e1lez\u201d enfrentando a la selecci\u00f3n n\u00famero 65 del Ranking de la Fifa de cara a su preparaci\u00f3n para la Liga de Naciones que empieza el pr\u00f3ximo mes de septiembre.<\/p>\n","protected":false},"author":16,"featured_media":60106,"comment_status":"closed","ping_status":"closed","sticky":false,"template":"","format":"standard","meta":[],"categories":[2,60],"tags":[],"acf":[],"_links":{"self":[{"href":"https:\/\/colimdo.org\/wp-api\/wp\/v2\/posts\/60105"}],"collection":[{"href":"https:\/\/colimdo.org\/wp-api\/wp\/v2\/posts"}],"about":[{"href":"https:\/\/colimdo.org\/wp-api\/wp\/v2\/types\/post"}],"author":[{"embeddable":true,"href":"https:\/\/colimdo.org\/wp-api\/wp\/v2\/users\/16"}],"replies":[{"embeddable":true,"href":"https:\/\/colimdo.org\/wp-api\/wp\/v2\/comments?post=60105"}],"version-history":[{"count":1,"href":"https:\/\/colimdo.org\/wp-api\/wp\/v2\/posts\/60105\/revisions"}],"predecessor-version":[{"id":60107,"href":"https:\/\/colimdo.org\/wp-api\/wp\/v2\/posts\/60105\/revisions\/60107"}],"wp:featuredmedia":[{"embeddable":true,"href":"https:\/\/colimdo.org\/wp-api\/wp\/v2\/media\/60106"}],"wp:attachment":[{"href":"https:\/\/colimdo.org\/wp-api\/wp\/v2\/media?parent=60105"}],"wp:term":[{"taxonomy":"category","embeddable":true,"href":"https:\/\/colimdo.org\/wp-api\/wp\/v2\/categories?post=60105"},{"taxonomy":"post_tag","embeddable":true,"href":"https:\/\/colimdo.org\/wp-api\/wp\/v2\/tags?post=60105"}],"curies":[{"name":"wp","href":"https:\/\/api.w.org\/{rel}","templated":true}]}}